{"id":89237,"date":"2026-01-19T14:32:00","date_gmt":"2026-01-19T20:32:00","guid":{"rendered":"https:\/\/zonaroja.com.mx\/?p=89237"},"modified":"2026-01-19T09:33:18","modified_gmt":"2026-01-19T15:33:18","slug":"realiza-el-ieepco-segundo-foro-de-discusion-sobre-revocacion-de-mandato","status":"publish","type":"post","link":"https:\/\/zonaroja.com.mx\/?p=89237","title":{"rendered":"Realiza el IEEPCO Segundo Foro de Discusi\u00f3n sobre Revocaci\u00f3n de Mandato"},"content":{"rendered":"\n<p>Redacci\u00f3n\/Zona Roja.<\/p>\n\n\n\n<p>Oaxaca, Oax., a 19 de enero de 2026.- El Instituto Estatal Electoral y de Participaci\u00f3n Ciudadana de Oaxaca (IEEPCO) llev\u00f3 a cabo el Segundo Foro de Discusi\u00f3n, con lo cual dio cumplimiento a lo establecido en el art\u00edculo 35 de la Ley de Revocaci\u00f3n de Mandato para el Estado de Oaxaca, que dispone que el Instituto deber\u00e1 organizar al menos dos foros de discusi\u00f3n en medios electr\u00f3nicos, garantizando en todo momento la equidad entre las participaciones a favor y en contra.<\/p>\n\n\n\n<p>Estos foros tuvieron como objetivo promover la participaci\u00f3n ciudadana mediante la exposici\u00f3n de informaci\u00f3n, argumentos y reflexiones por parte de las personas panelistas, contribuyendo a un debate plural, equitativo e informado en torno a este mecanismo de democracia participativa.<\/p>\n\n\n\n<p>En este segundo foro participaron como panelistas a favor de la Revocaci\u00f3n de Mandato Mar\u00eda Guadalupe Blanco M\u00e9ndez y \u00c1ngel Disraeli Cruz Guti\u00e9rrez; mientras que las posturas en contra de la Revocaci\u00f3n de Mandato de la persona titular de la Gubernatura del Estado estuvieron representadas por Sara Zenaida Clavel Guzm\u00e1n y Marco Antonio Ba\u00f1os Avenda\u00f1o.<\/p>\n\n\n\n<p>Durante m\u00e1s de una hora, las cuatro personas panelistas opinaron acerca del mecanismo de Revocaci\u00f3n de Mandato como instrumento de participaci\u00f3n ciudadana y a trav\u00e9s de cifras y diversos argumentos analizaron las &nbsp;razones para que se le revoque el mandato o para que contin\u00fae en el cargo la persona titular de la Gubernatura.<\/p>\n\n\n\n<p>Este ejercicio de discusi\u00f3n fue moderado por Julieta Lujambio y se desarroll\u00f3 en dos segmentos de preguntas y respuestas, y un segmento de conclusiones, en torno a la Revocaci\u00f3n de Mandato de la persona titular de la Gubernatura del Estado de Oaxaca para el periodo constitucional 2022\u20132028.<\/p>\n\n\n\n<p>La Jornada de Revocaci\u00f3n de Mandato se llevar\u00e1 a cabo el pr\u00f3ximo domingo 25 de enero, en un horario de 8:00 a 18:00 horas, permitiendo a la ciudadan\u00eda oaxaque\u00f1a ejercer su derecho a votar respecto de la siguiente pregunta:<\/p>\n\n\n\n<p>\u00bfEst\u00e1s de acuerdo en que a Salom\u00f3n Jara Cruz, Gobernador del Estado, se le revoque el mandato por p\u00e9rdida de la confianza, o que contin\u00fae en la Gubernatura hasta que concluya el periodo?<\/p>\n\n\n\n<p>Cabe se\u00f1alar que la transmisi\u00f3n en vivo de este Segundo Foro de Discusi\u00f3n se realiz\u00f3 a trav\u00e9s de las plataformas YouTube, Facebook y X del IEEPCO, el INE &nbsp;y la FEDE as\u00ed como mediante 42 medios electr\u00f3nicos aliados. Asimismo, se llev\u00f3 a cabo una transmisi\u00f3n simult\u00e1nea con interpretaci\u00f3n en lenguas zapoteca, mixteca, mixe y mazateca, adem\u00e1s de Lengua de Se\u00f1as Mexicana.<\/p>\n\n\n\n<p>A esta actividad asistieron la consejera presidenta Elizabeth S\u00e1nchez Gonz\u00e1lez; las consejeras electorales Jessica Jazibe Hern\u00e1ndez Garc\u00eda, Zaira Alhel\u00ed Hip\u00f3lito L\u00f3pez, Ana Mar\u00eda M\u00e1rquez Andr\u00e9s y Gabriela Fernanda Espinoza Blancas; as\u00ed como el consejero electoral Manuel Cort\u00e9s Muriedas. Asimismo, estuvieron presentes el secretario ejecutivo, Graciano Alejandro Prats Rojas, y la contralora general del Instituto, Rosa Elia V\u00e1squez Flores.<\/p>\n\n\n\n<p>Por parte del Instituto Nacional Electoral (INE) Oaxaca, asistieron el vocal ejecutivo de la Junta Local, Mart\u00edn Mart\u00ednez Cortazar; la vocal secretaria, Chrysthian Ver\u00f3nica Gonz\u00e1lez Labastida, y el vocal de Organizaci\u00f3n Electoral, No\u00e9 Arroyo Morales, as\u00ed como Cristina Retana, del INE M\u00e9xico. Tambi\u00e9n se cont\u00f3 con la presencia de la magistrada presidenta Sandra P\u00e9rez Cruz y la magistrada \u00a0Gloria \u00c1ngeles Cruz L\u00f3pez ambas del Tribunal Electoral del Estado de Oaxaca, el Fiscal Especializado en Delitos Electorales (FEDE) del Estado de Oaxaca; Iv\u00e1n Garc\u00eda L\u00f3pez y las representaciones de los Partidos Pol\u00edticos.<\/p>\n","protected":false},"excerpt":{"rendered":"<p>Redacci\u00f3n\/Zona Roja. Oaxaca, Oax., a 19 de enero de 2026.- El Instituto Estatal Electoral y&hellip;<\/p>\n","protected":false},"author":2,"featured_media":89223,"comment_status":"closed","ping_status":"open","sticky":false,"template":"","format":"standard","meta":{"_lmt_disableupdate":"","_lmt_disable":"","_jetpack_memberships_contains_paid_content":false,"footnotes":""},"categories":[109,46],"tags":[2932,3088],"class_list":["post-89237","post","type-post","status-publish","format-standard","has-post-thumbnail","hentry","category-minuto-a-minuto","category-zona-blanca","tag-instituto-estatal-electoral-y-de-participacion-ciudadana-de-oaxaca-ieepco","tag-revocacion-de-mandato-mexico"],"jetpack_featured_media_url":"https:\/\/zonaroja.com.mx\/wp-content\/uploads\/2026\/01\/Segundo-foro-revocacion-IEEPCO.jpeg","jetpack_sharing_enabled":true,"_links":{"self":[{"href":"https:\/\/zonaroja.com.mx\/index.php?rest_route=\/wp\/v2\/posts\/89237","targetHints":{"allow":["GET"]}}],"collection":[{"href":"https:\/\/zonaroja.com.mx\/index.php?rest_route=\/wp\/v2\/posts"}],"about":[{"href":"https:\/\/zonaroja.com.mx\/index.php?rest_route=\/wp\/v2\/types\/post"}],"author":[{"embeddable":true,"href":"https:\/\/zonaroja.com.mx\/index.php?rest_route=\/wp\/v2\/users\/2"}],"replies":[{"embeddable":true,"href":"https:\/\/zonaroja.com.mx\/index.php?rest_route=%2Fwp%2Fv2%2Fcomments&post=89237"}],"version-history":[{"count":1,"href":"https:\/\/zonaroja.com.mx\/index.php?rest_route=\/wp\/v2\/posts\/89237\/revisions"}],"predecessor-version":[{"id":89238,"href":"https:\/\/zonaroja.com.mx\/index.php?rest_route=\/wp\/v2\/posts\/89237\/revisions\/89238"}],"wp:featuredmedia":[{"embeddable":true,"href":"https:\/\/zonaroja.com.mx\/index.php?rest_route=\/wp\/v2\/media\/89223"}],"wp:attachment":[{"href":"https:\/\/zonaroja.com.mx\/index.php?rest_route=%2Fwp%2Fv2%2Fmedia&parent=89237"}],"wp:term":[{"taxonomy":"category","embeddable":true,"href":"https:\/\/zonaroja.com.mx\/index.php?rest_route=%2Fwp%2Fv2%2Fcategories&post=89237"},{"taxonomy":"post_tag","embeddable":true,"href":"https:\/\/zonaroja.com.mx\/index.php?rest_route=%2Fwp%2Fv2%2Ftags&post=89237"}],"curies":[{"name":"wp","href":"https:\/\/api.w.org\/{rel}","templated":true}]}}