{"id":89246,"date":"2026-01-19T18:46:15","date_gmt":"2026-01-20T00:46:15","guid":{"rendered":"https:\/\/zonaroja.com.mx\/?p=89246"},"modified":"2026-01-19T18:46:18","modified_gmt":"2026-01-20T00:46:18","slug":"fallece-la-joven-que-acompanaba-a-edil-de-huatulco-indagan-homicidio-culposo","status":"publish","type":"post","link":"https:\/\/zonaroja.com.mx\/?p=89246","title":{"rendered":"Fallece la joven que acompa\u00f1aba a edil de Huatulco; indagan homicidio culposo"},"content":{"rendered":"\n<p>Raymundo Morales\/Zona Roja.<\/p>\n\n\n\n<p>Oaxaca, Oax., a 19 de enero de 2026.- La Fiscal\u00eda General del Estado de Oaxaca inici\u00f3 una carpeta de investigaci\u00f3n por homicidio culposo, en que se incluye al presidente municipal de Santa Mar\u00eda Huatulco, Julio C\u00e1rdenas, tras el fallecimiento de la joven que la acompa\u00f1aba durante el percance.<\/p>\n\n\n\n<p>Fue el pasado viernes 9 de enero en que la camioneta en que viajaba el edil, una persona del sexo masculino y la femenina de 20 a\u00f1os de edad, tuvo un fuerte accidente al salirse de la carretera, en jurisdicci\u00f3n del libramiento de Ocotl\u00e1n de Morelos.<\/p>\n\n\n\n<p>Tanto el presidente municipal como las otras dos personas fueron trasladadas en un hospital privado de la colonia Reforma de la ciudad de Oaxaca; en Huatulco, autoridades locales intentaron ocultar que fue el edil una de las v\u00edctimas del percance.<\/p>\n\n\n\n<p>Horas despu\u00e9s, el ayuntamiento emiti\u00f3 un comunicado para dar a conocer que Julio C\u00e1rdenas se encontraba estable de salud, pero omiti\u00f3 citar que hab\u00eda otros dos pasajeros lesionados.<\/p>\n\n\n\n<p>La joven Dulce E. fue la que result\u00f3 con lesiones de gravedad, que incluy\u00f3 un traumatismo craneoencef\u00e1lico; de manera extraoficial se dio a conocer su pron\u00f3stico era reservado.&nbsp;<\/p>\n\n\n\n<p>Esta tarde finalmente fuentes del nosocomio y de la Fiscal\u00eda General confirmaron el deceso de la acompa\u00f1ante del edil, de quien se desconoce hasta el momento si es empleada o no del gobierno municipal de Huatulco.<\/p>\n\n\n\n<p>En tanto del escolta que tambi\u00e9n hac\u00eda las funciones de chofer, como del presidente municipal, se desconoce a\u00fan su estado de salud.<\/p>\n\n\n\n<p>Ante las versiones de que Julio C\u00e1rdenas conduc\u00eda en estado de ebriedad la camioneta oficial que volc\u00f3, la Fiscal\u00eda General del Estado indaga su probable participaci\u00f3n en el homicidio culposo de la joven.<\/p>\n","protected":false},"excerpt":{"rendered":"<p>Raymundo Morales\/Zona Roja. Oaxaca, Oax., a 19 de enero de 2026.- La Fiscal\u00eda General del&hellip;<\/p>\n","protected":false},"author":2,"featured_media":89247,"comment_status":"closed","ping_status":"open","sticky":false,"template":"","format":"standard","meta":{"_lmt_disableupdate":"","_lmt_disable":"","_jetpack_memberships_contains_paid_content":false,"footnotes":""},"categories":[109,47],"tags":[4640,1337],"class_list":["post-89246","post","type-post","status-publish","format-standard","has-post-thumbnail","hentry","category-minuto-a-minuto","category-zona-gris","tag-julio-cardenas","tag-santa-maria-huatulco"],"jetpack_featured_media_url":"https:\/\/zonaroja.com.mx\/wp-content\/uploads\/2026\/01\/Accidente-Huatulco-Dulce-Enriquez-muere.jpg","jetpack_sharing_enabled":true,"_links":{"self":[{"href":"https:\/\/zonaroja.com.mx\/index.php?rest_route=\/wp\/v2\/posts\/89246","targetHints":{"allow":["GET"]}}],"collection":[{"href":"https:\/\/zonaroja.com.mx\/index.php?rest_route=\/wp\/v2\/posts"}],"about":[{"href":"https:\/\/zonaroja.com.mx\/index.php?rest_route=\/wp\/v2\/types\/post"}],"author":[{"embeddable":true,"href":"https:\/\/zonaroja.com.mx\/index.php?rest_route=\/wp\/v2\/users\/2"}],"replies":[{"embeddable":true,"href":"https:\/\/zonaroja.com.mx\/index.php?rest_route=%2Fwp%2Fv2%2Fcomments&post=89246"}],"version-history":[{"count":1,"href":"https:\/\/zonaroja.com.mx\/index.php?rest_route=\/wp\/v2\/posts\/89246\/revisions"}],"predecessor-version":[{"id":89248,"href":"https:\/\/zonaroja.com.mx\/index.php?rest_route=\/wp\/v2\/posts\/89246\/revisions\/89248"}],"wp:featuredmedia":[{"embeddable":true,"href":"https:\/\/zonaroja.com.mx\/index.php?rest_route=\/wp\/v2\/media\/89247"}],"wp:attachment":[{"href":"https:\/\/zonaroja.com.mx\/index.php?rest_route=%2Fwp%2Fv2%2Fmedia&parent=89246"}],"wp:term":[{"taxonomy":"category","embeddable":true,"href":"https:\/\/zonaroja.com.mx\/index.php?rest_route=%2Fwp%2Fv2%2Fcategories&post=89246"},{"taxonomy":"post_tag","embeddable":true,"href":"https:\/\/zonaroja.com.mx\/index.php?rest_route=%2Fwp%2Fv2%2Ftags&post=89246"}],"curies":[{"name":"wp","href":"https:\/\/api.w.org\/{rel}","templated":true}]}}