{"id":89249,"date":"2026-01-19T18:58:50","date_gmt":"2026-01-20T00:58:50","guid":{"rendered":"https:\/\/zonaroja.com.mx\/?p=89249"},"modified":"2026-01-19T18:58:50","modified_gmt":"2026-01-20T00:58:50","slug":"ordena-tribunal-que-ieepco-publique-convocatoria-de-observacion-en-braille","status":"publish","type":"post","link":"https:\/\/zonaroja.com.mx\/?p=89249","title":{"rendered":"Ordena Tribunal que IEEPCO publique convocatoria de observaci\u00f3n en Braille"},"content":{"rendered":"\n<p>Redacci\u00f3n\/Zona Roja.&nbsp;<\/p>\n\n\n\n<p>Oaxaca, Oax., a 19 de enero de 2026.- El Tribunal Electoral de Estado de Oaxaca (TEEO) orden\u00f3 al Instituto Estatal Electoral y de Participaci\u00f3n Ciudadana emitir y difundir la convocatoria en formato Braille, para la observaci\u00f3n del proceso de Revocaci\u00f3n de Mandato.<\/p>\n\n\n\n<p>El TEEO celebr\u00f3 una sesi\u00f3n p\u00fablica por videoconferencia en la que el pleno resolvi\u00f3 el juicio ciudadano identificado con la clave JDC\/09\/2026, mediante el cual una persona con discapacidad visual se inconform\u00f3 por la aprobaci\u00f3n de los lineamientos para la observaci\u00f3n del proceso de revocaci\u00f3n de mandato y de la convocatoria respectiva.<\/p>\n\n\n\n<p>Al no haberse constatado su efectiva expedici\u00f3n y difusi\u00f3n, se orden\u00f3, como medida de reparaci\u00f3n suficiente y proporcional, su emisi\u00f3n y difusi\u00f3n en formato Baile.<\/p>\n\n\n\n<p>Durante la sesi\u00f3n fueron resueltos dos Recursos de Apelaci\u00f3n (RA), y tres Juicios para la Protecci\u00f3n de los Derechos Pol\u00edtico Electorales de la Ciudadan\u00eda (JDC).&nbsp;<\/p>\n\n\n\n<p>En las resoluciones, el Tribunal determin\u00f3 que la emisi\u00f3n del Informe Final de Resultados de la verificaci\u00f3n de apoyos ciudadanos no vulnera los principios de legalidad, objetividad ni certeza, pues brinda claridad respecto del cumplimiento de los requisitos para la procedencia del proceso de revocaci\u00f3n de mandato.<\/p>\n\n\n\n<p>Asimismo, sostuvo que no se incurri\u00f3 en una verificaci\u00f3n anticipada de apoyo ciudadano, porque el plazo de tres meses corresponde a un l\u00edmite m\u00e1ximo de tiempo para el ejercicio del derecho ciudadano.<\/p>\n","protected":false},"excerpt":{"rendered":"<p>Redacci\u00f3n\/Zona Roja.&nbsp; Oaxaca, Oax., a 19 de enero de 2026.- El Tribunal Electoral de Estado&hellip;<\/p>\n","protected":false},"author":2,"featured_media":86308,"comment_status":"closed","ping_status":"open","sticky":false,"template":"","format":"standard","meta":{"_lmt_disableupdate":"","_lmt_disable":"","_jetpack_memberships_contains_paid_content":false,"footnotes":""},"categories":[109,46],"tags":[2235],"class_list":["post-89249","post","type-post","status-publish","format-standard","has-post-thumbnail","hentry","category-minuto-a-minuto","category-zona-blanca","tag-tribunal-electoral-del-estado-de-oaxaca-teeo"],"jetpack_featured_media_url":"https:\/\/zonaroja.com.mx\/wp-content\/uploads\/2025\/10\/TEEO-Tribunal-Electoral-Oaxaca.jpg","jetpack_sharing_enabled":true,"_links":{"self":[{"href":"https:\/\/zonaroja.com.mx\/index.php?rest_route=\/wp\/v2\/posts\/89249","targetHints":{"allow":["GET"]}}],"collection":[{"href":"https:\/\/zonaroja.com.mx\/index.php?rest_route=\/wp\/v2\/posts"}],"about":[{"href":"https:\/\/zonaroja.com.mx\/index.php?rest_route=\/wp\/v2\/types\/post"}],"author":[{"embeddable":true,"href":"https:\/\/zonaroja.com.mx\/index.php?rest_route=\/wp\/v2\/users\/2"}],"replies":[{"embeddable":true,"href":"https:\/\/zonaroja.com.mx\/index.php?rest_route=%2Fwp%2Fv2%2Fcomments&post=89249"}],"version-history":[{"count":1,"href":"https:\/\/zonaroja.com.mx\/index.php?rest_route=\/wp\/v2\/posts\/89249\/revisions"}],"predecessor-version":[{"id":89250,"href":"https:\/\/zonaroja.com.mx\/index.php?rest_route=\/wp\/v2\/posts\/89249\/revisions\/89250"}],"wp:featuredmedia":[{"embeddable":true,"href":"https:\/\/zonaroja.com.mx\/index.php?rest_route=\/wp\/v2\/media\/86308"}],"wp:attachment":[{"href":"https:\/\/zonaroja.com.mx\/index.php?rest_route=%2Fwp%2Fv2%2Fmedia&parent=89249"}],"wp:term":[{"taxonomy":"category","embeddable":true,"href":"https:\/\/zonaroja.com.mx\/index.php?rest_route=%2Fwp%2Fv2%2Fcategories&post=89249"},{"taxonomy":"post_tag","embeddable":true,"href":"https:\/\/zonaroja.com.mx\/index.php?rest_route=%2Fwp%2Fv2%2Ftags&post=89249"}],"curies":[{"name":"wp","href":"https:\/\/api.w.org\/{rel}","templated":true}]}}