{"id":89251,"date":"2026-01-19T20:52:09","date_gmt":"2026-01-20T02:52:09","guid":{"rendered":"https:\/\/zonaroja.com.mx\/?p=89251"},"modified":"2026-01-19T20:52:10","modified_gmt":"2026-01-20T02:52:10","slug":"arranca-la-semana-en-oaxaca-con-multiples-protestas","status":"publish","type":"post","link":"https:\/\/zonaroja.com.mx\/?p=89251","title":{"rendered":"Arranca la semana en Oaxaca con m\u00faltiples protestas"},"content":{"rendered":"\n<p>Lisbeth Mej\u00eda Reyes\/Zona Roja.<\/p>\n\n\n\n<p>Oaxaca, Oax., a 19 de enero de 2026.- Al menos cuatro protestas se registraron este lunes en la ciudad de Oaxaca, entre ellos por parte del Sindicato de Trabajadores y Empleados de la Universidad Aut\u00f3noma \u201cBenito Ju\u00e1rez\u201d de Oaxaca (STEUABJO), de la Coalici\u00f3n Universitaria \u201c7 de octubre\u201d, estudiantes universitarios y de pobladores de Santiago Xanica.<\/p>\n\n\n\n<p>En los dos primeros casos para exigir a las autoridades universitarias que encabeza Cristian \u00c9der Carre\u00f1o que cumpla con sus pliegos de demandas laborales, entre estas la revisi\u00f3n de las violaciones al contrato colectivo de trabajo, la revisi\u00f3n contractual y el incremento salarial.<\/p>\n\n\n\n<p>Por una parte, el STEUABJO march\u00f3 de la calle Manuel Ruiz hacia los juzgados laborales en la colonia Reforma, como parte de su emplazamiento a huelga del 1 de febrero.&nbsp;<\/p>\n\n\n\n<p>Antes de esta protesta, el pasado 16 de enero el sindicato cuya secretaria general es Eulalia Cristina Gonz\u00e1lez Ramos par\u00f3 labores y bloque\u00f3 la avenida Universidad y el crucero de Cinco Se\u00f1ores de la capital oaxaque\u00f1a para exigir al rector Cristian Carre\u00f1o revisar el contrato colectivo de trabajo.<\/p>\n\n\n\n<p>En una protesta aparte, en las instalaciones de la UABJO en Cinco Se\u00f1ores, la Colaci\u00f3n Universitaria \u201c7 de Octubre\u201d tambi\u00e9n inform\u00f3 este lunes que presentar\u00e1 su propio pliego de demandas y emplazar\u00e1 a la UABJO por dos puntos principales: para exigir el cumplimiento de la minuta firmada en octubre pasado y para hacer propias las demandas del emplazamiento a huelga del STEUABJO, sindicato del que fueron expulsados en 2025.<\/p>\n\n\n\n<p>En conferencia de prensa, la Coalici\u00f3n Universitaria explic\u00f3 que espera la resoluci\u00f3n de un juzgado para la restituci\u00f3n de los derechos de quienes fueron expulsados del STEUABJO y as\u00ed demostrar que medida tomada por el sindicato estuvo fuera de la ley.<\/p>\n\n\n\n<p>Otra manifestaci\u00f3n en la Universidad fue por parte de un grupo de estudiantes, que exigieron al rector Cristian \u00c9der Carre\u00f1o que deje de cobrar las cuotas de inscripci\u00f3n, una vez que ganaron amparos para eliminar dicha medida.<\/p>\n\n\n\n<p>En la cuarta protesta del d\u00eda, habitantes de Santiago Xanica llegaron al Palacio de Gobierno para exigir la destituci\u00f3n de la presidenta Mirian Sulamita D\u00edaz Luis, pues argumentan que la reelecci\u00f3n no est\u00e1 permitida en este municipio de usos y costumbres.<\/p>\n\n\n\n<p>El grupo de habitantes denunci\u00f3 la presunta intromisi\u00f3n del gobierno estatal en este municipio del distrito de Miahuatlan de Porfirio D\u00edaz. Previamente, tambi\u00e9n exigi\u00f3 al Tribunal Electoral del Estado de Oaxaca dejar sin efecto la reelecci\u00f3n.<\/p>\n","protected":false},"excerpt":{"rendered":"<p>Lisbeth Mej\u00eda Reyes\/Zona Roja. Oaxaca, Oax., a 19 de enero de 2026.- Al menos cuatro&hellip;<\/p>\n","protected":false},"author":2,"featured_media":89252,"comment_status":"closed","ping_status":"open","sticky":false,"template":"","format":"standard","meta":{"_lmt_disableupdate":"","_lmt_disable":"","_jetpack_memberships_contains_paid_content":false,"footnotes":""},"categories":[109,46],"tags":[518],"class_list":["post-89251","post","type-post","status-publish","format-standard","has-post-thumbnail","hentry","category-minuto-a-minuto","category-zona-blanca","tag-protestas-oaxaca"],"jetpack_featured_media_url":"https:\/\/zonaroja.com.mx\/wp-content\/uploads\/2026\/01\/Protestas-ciudad-de-Oaxaca.jpg","jetpack_sharing_enabled":true,"_links":{"self":[{"href":"https:\/\/zonaroja.com.mx\/index.php?rest_route=\/wp\/v2\/posts\/89251","targetHints":{"allow":["GET"]}}],"collection":[{"href":"https:\/\/zonaroja.com.mx\/index.php?rest_route=\/wp\/v2\/posts"}],"about":[{"href":"https:\/\/zonaroja.com.mx\/index.php?rest_route=\/wp\/v2\/types\/post"}],"author":[{"embeddable":true,"href":"https:\/\/zonaroja.com.mx\/index.php?rest_route=\/wp\/v2\/users\/2"}],"replies":[{"embeddable":true,"href":"https:\/\/zonaroja.com.mx\/index.php?rest_route=%2Fwp%2Fv2%2Fcomments&post=89251"}],"version-history":[{"count":1,"href":"https:\/\/zonaroja.com.mx\/index.php?rest_route=\/wp\/v2\/posts\/89251\/revisions"}],"predecessor-version":[{"id":89253,"href":"https:\/\/zonaroja.com.mx\/index.php?rest_route=\/wp\/v2\/posts\/89251\/revisions\/89253"}],"wp:featuredmedia":[{"embeddable":true,"href":"https:\/\/zonaroja.com.mx\/index.php?rest_route=\/wp\/v2\/media\/89252"}],"wp:attachment":[{"href":"https:\/\/zonaroja.com.mx\/index.php?rest_route=%2Fwp%2Fv2%2Fmedia&parent=89251"}],"wp:term":[{"taxonomy":"category","embeddable":true,"href":"https:\/\/zonaroja.com.mx\/index.php?rest_route=%2Fwp%2Fv2%2Fcategories&post=89251"},{"taxonomy":"post_tag","embeddable":true,"href":"https:\/\/zonaroja.com.mx\/index.php?rest_route=%2Fwp%2Fv2%2Ftags&post=89251"}],"curies":[{"name":"wp","href":"https:\/\/api.w.org\/{rel}","templated":true}]}}