{"id":89254,"date":"2026-01-20T07:15:00","date_gmt":"2026-01-20T13:15:00","guid":{"rendered":"https:\/\/zonaroja.com.mx\/?p=89254"},"modified":"2026-01-20T07:34:02","modified_gmt":"2026-01-20T13:34:02","slug":"acusado-por-muerte-de-40-migrantes-en-incendio-ex-titular-del-inm-tiene-nuevo-cargo","status":"publish","type":"post","link":"https:\/\/zonaroja.com.mx\/?p=89254","title":{"rendered":"Acusado por muerte de 40 migrantes en incendio, ex titular del INM tiene nuevo cargo"},"content":{"rendered":"\n<p>Redacci\u00f3n\/Zona Roja Cdmx.<\/p>\n\n\n\n<p>(Informaci\u00f3n de Uno Tv)<\/p>\n\n\n\n<p>Ciudad de M\u00e9xico, a 20 de enero de 2026.- Francisco Gardu\u00f1o fue nombrado como Director General de Centros de Formaci\u00f3n para el Trabajo, los cuales est\u00e1n apegados a la Secretar\u00eda de Educaci\u00f3n P\u00fablica (SEP) a trav\u00e9s de la Subsecretar\u00eda de Educaci\u00f3n Media Superior.<\/p>\n\n\n\n<p>A trav\u00e9s de su cuenta de X, Mario Delgado, Secretario de Educaci\u00f3n P\u00fablica, dio a conocer el nombramiento de Gardu\u00f1o, otorgado por la presidenta de M\u00e9xico, Claudia Sheinbaum.<\/p>\n\n\n\n<p>\u201cFrancisco&nbsp;Gardu\u00f1o&nbsp;es un funcionario ejemplar y su participaci\u00f3n en estos centros ser\u00e1 fundamental para la reforma a la Educaci\u00f3n Media Superior que est\u00e1 en marcha con el Bachillerato Nacional\u201d, dijo.<\/p>\n\n\n\n<p>En el mes de abril del pasado a\u00f1o, Francisco Gardu\u00f1o dej\u00f3 su cargo como titular del Instituto Nacional de Migraci\u00f3n. Sin embargo, durante sus labores, ocurri\u00f3 el incendio en la estaci\u00f3n migratoria de Ciudad Ju\u00e1rez, en marzo del 2023, en el que fallecieron 40 personas.<\/p>\n\n\n\n<p>Tras el incendio, Gardu\u00f1o enfrent\u00f3 un largo proceso judicial. No obstante, durante abril y antes de su renuncia, un Tribunal de Apelaci\u00f3n confirm\u00f3 la suspensi\u00f3n del proceso penal en su contra, lo que gener\u00f3 cr\u00edticas y molestia en los familiares de las personas afectadas. En busca del perd\u00f3n, el funcionario ofreci\u00f3 una disculpa p\u00fablica en septiembre, en las instalaciones del Museo de la Ciudad de M\u00e9xico, en presenta de familiares de las v\u00edctimas.<\/p>\n\n\n\n<p>La Direcci\u00f3n General de Centros de Formaci\u00f3n para el Trabajo (DGCFT) tiene como atribuciones normar, operar, coordinar, controlar y evaluar el servicio de capacitaci\u00f3n para el trabajo. De esta forma, se contribuye al acceso al empleo, as\u00ed como al desarrollo social, econ\u00f3mico y eleva el nivel de vida de los ciudadanos.<\/p>\n","protected":false},"excerpt":{"rendered":"<p>Redacci\u00f3n\/Zona Roja Cdmx. (Informaci\u00f3n de Uno Tv) Ciudad de M\u00e9xico, a 20 de enero de&hellip;<\/p>\n","protected":false},"author":2,"featured_media":89256,"comment_status":"closed","ping_status":"open","sticky":false,"template":"","format":"standard","meta":{"_lmt_disableupdate":"","_lmt_disable":"","_jetpack_memberships_contains_paid_content":false,"footnotes":""},"categories":[109,47],"tags":[3500],"class_list":["post-89254","post","type-post","status-publish","format-standard","has-post-thumbnail","hentry","category-minuto-a-minuto","category-zona-gris","tag-francisco-garduno-inm"],"jetpack_featured_media_url":"https:\/\/zonaroja.com.mx\/wp-content\/uploads\/2026\/01\/Francisco-Garduno-ex-Migracion.webp","jetpack_sharing_enabled":true,"_links":{"self":[{"href":"https:\/\/zonaroja.com.mx\/index.php?rest_route=\/wp\/v2\/posts\/89254","targetHints":{"allow":["GET"]}}],"collection":[{"href":"https:\/\/zonaroja.com.mx\/index.php?rest_route=\/wp\/v2\/posts"}],"about":[{"href":"https:\/\/zonaroja.com.mx\/index.php?rest_route=\/wp\/v2\/types\/post"}],"author":[{"embeddable":true,"href":"https:\/\/zonaroja.com.mx\/index.php?rest_route=\/wp\/v2\/users\/2"}],"replies":[{"embeddable":true,"href":"https:\/\/zonaroja.com.mx\/index.php?rest_route=%2Fwp%2Fv2%2Fcomments&post=89254"}],"version-history":[{"count":2,"href":"https:\/\/zonaroja.com.mx\/index.php?rest_route=\/wp\/v2\/posts\/89254\/revisions"}],"predecessor-version":[{"id":89268,"href":"https:\/\/zonaroja.com.mx\/index.php?rest_route=\/wp\/v2\/posts\/89254\/revisions\/89268"}],"wp:featuredmedia":[{"embeddable":true,"href":"https:\/\/zonaroja.com.mx\/index.php?rest_route=\/wp\/v2\/media\/89256"}],"wp:attachment":[{"href":"https:\/\/zonaroja.com.mx\/index.php?rest_route=%2Fwp%2Fv2%2Fmedia&parent=89254"}],"wp:term":[{"taxonomy":"category","embeddable":true,"href":"https:\/\/zonaroja.com.mx\/index.php?rest_route=%2Fwp%2Fv2%2Fcategories&post=89254"},{"taxonomy":"post_tag","embeddable":true,"href":"https:\/\/zonaroja.com.mx\/index.php?rest_route=%2Fwp%2Fv2%2Ftags&post=89254"}],"curies":[{"name":"wp","href":"https:\/\/api.w.org\/{rel}","templated":true}]}}