{"id":89258,"date":"2026-01-20T08:15:00","date_gmt":"2026-01-20T14:15:00","guid":{"rendered":"https:\/\/zonaroja.com.mx\/?p=89258"},"modified":"2026-01-20T06:58:22","modified_gmt":"2026-01-20T12:58:22","slug":"identifican-a-asesinados-en-san-agustin-de-las-juntas-y-en-el-espinal","status":"publish","type":"post","link":"https:\/\/zonaroja.com.mx\/?p=89258","title":{"rendered":"Identifican a asesinados en San Agust\u00edn de las Juntas y en El Espinal"},"content":{"rendered":"\n<p>Ismael Garc\u00eda M.\/Zona Roja.<\/p>\n\n\n\n<p>Oaxaca, Oax., a 20 de enero de 2026.- Como Dagoberto A., de unos 76 a\u00f1os de edad, fue identificada la persona que fue asesinada anoche en San Agust\u00edn de las Juntas, municipio ubicado al sur de la zona metropolitana de la ciudad de Oaxaca.<\/p>\n\n\n\n<p>El hombre fue atacado a balazos en su veh\u00edculo cerca de las 20:00 horas cuando se encontraba en la calle Francisco I. Madero esquina Emiliano Zapata; muri\u00f3 en el mismo lugar a causa de la gravedad de las lesiones.<\/p>\n\n\n\n<p>Hasta el momento se desconocen las causas del homicidio doloso y las autoridades ministeriales continuan con las investigaciones.<\/p>\n\n\n\n<p>Mientras tanto, al mediod\u00eda de ayer un joven fue ejecutado en el municipio istme\u00f1o de El Espinal, y le dejaron a un costado una cartulina con un presunto \u201cnarcomensaje\u201d.<\/p>\n\n\n\n<p>La v\u00edctima respondi\u00f3 en vida al nombre de Rom\u00e1n Antonio \u201cN\u201d, de aproximadamente 28 a\u00f1os de edad, y fue ultimado a balazos cuando circulaba en su bicicleta, en la ribera del r\u00edo \u201cLos Perros\u201d.&nbsp;<\/p>\n\n\n\n<p>Tambi\u00e9n en la regi\u00f3n del Istmo pero en Juchit\u00e1n de Zaragoza, fue hallado un cuerpo sin vida, con huellas de violencia y envuelto en una s\u00e1bana, a un costado de la ex Calhidra.<\/p>\n\n\n\n<p>Hasta el momento se desconoce la identidad de la v\u00edctima y el cuerpo presenta impactos de arma de fuego, seg\u00fan informes preliminares.<\/p>\n\n\n\n<p>Los casos son investigados por personal de la Fiscal\u00eda General del Estado de Oaxaca.<\/p>\n","protected":false},"excerpt":{"rendered":"<p>Ismael Garc\u00eda M.\/Zona Roja. Oaxaca, Oax., a 20 de enero de 2026.- Como Dagoberto A.,&hellip;<\/p>\n","protected":false},"author":2,"featured_media":89259,"comment_status":"closed","ping_status":"open","sticky":false,"template":"","format":"standard","meta":{"_lmt_disableupdate":"","_lmt_disable":"","_jetpack_memberships_contains_paid_content":false,"footnotes":""},"categories":[109,49],"tags":[297,1088,743],"class_list":["post-89258","post","type-post","status-publish","format-standard","has-post-thumbnail","hentry","category-minuto-a-minuto","category-zona-fresa","tag-ejecutado-juchitan","tag-el-espinal","tag-san-agustin-de-las-juntas"],"jetpack_featured_media_url":"https:\/\/zonaroja.com.mx\/wp-content\/uploads\/2026\/01\/Asesinado-Sanb-Agustin-de-las-Juntas.jpeg","jetpack_sharing_enabled":true,"_links":{"self":[{"href":"https:\/\/zonaroja.com.mx\/index.php?rest_route=\/wp\/v2\/posts\/89258","targetHints":{"allow":["GET"]}}],"collection":[{"href":"https:\/\/zonaroja.com.mx\/index.php?rest_route=\/wp\/v2\/posts"}],"about":[{"href":"https:\/\/zonaroja.com.mx\/index.php?rest_route=\/wp\/v2\/types\/post"}],"author":[{"embeddable":true,"href":"https:\/\/zonaroja.com.mx\/index.php?rest_route=\/wp\/v2\/users\/2"}],"replies":[{"embeddable":true,"href":"https:\/\/zonaroja.com.mx\/index.php?rest_route=%2Fwp%2Fv2%2Fcomments&post=89258"}],"version-history":[{"count":1,"href":"https:\/\/zonaroja.com.mx\/index.php?rest_route=\/wp\/v2\/posts\/89258\/revisions"}],"predecessor-version":[{"id":89260,"href":"https:\/\/zonaroja.com.mx\/index.php?rest_route=\/wp\/v2\/posts\/89258\/revisions\/89260"}],"wp:featuredmedia":[{"embeddable":true,"href":"https:\/\/zonaroja.com.mx\/index.php?rest_route=\/wp\/v2\/media\/89259"}],"wp:attachment":[{"href":"https:\/\/zonaroja.com.mx\/index.php?rest_route=%2Fwp%2Fv2%2Fmedia&parent=89258"}],"wp:term":[{"taxonomy":"category","embeddable":true,"href":"https:\/\/zonaroja.com.mx\/index.php?rest_route=%2Fwp%2Fv2%2Fcategories&post=89258"},{"taxonomy":"post_tag","embeddable":true,"href":"https:\/\/zonaroja.com.mx\/index.php?rest_route=%2Fwp%2Fv2%2Ftags&post=89258"}],"curies":[{"name":"wp","href":"https:\/\/api.w.org\/{rel}","templated":true}]}}