{"id":89261,"date":"2026-01-20T09:15:00","date_gmt":"2026-01-20T15:15:00","guid":{"rendered":"https:\/\/zonaroja.com.mx\/?p=89261"},"modified":"2026-01-20T07:22:16","modified_gmt":"2026-01-20T13:22:16","slug":"identifica-el-ieepco-siete-medios-digitales-que-violan-revocacion-de-mandato","status":"publish","type":"post","link":"https:\/\/zonaroja.com.mx\/?p=89261","title":{"rendered":"Identifica el IEEPCO siete medios digitales que violan Revocaci\u00f3n de Mandato"},"content":{"rendered":"\n<p>Redacci\u00f3n\/Zona Roja.<\/p>\n\n\n\n<p>Oaxaca, Oax., a 20 de enero de 2026.- Este lunes, en sesi\u00f3n extraordinaria urgente, la Comisi\u00f3n de Quejas y Denuncias del Instituto Estatal Electoral y de Participaci\u00f3n Ciudadana de Oaxaca (IEEPCO) aprob\u00f3 un acuerdo&nbsp;para la adopci\u00f3n de medidas cautelares relacionadas con publicaciones en redes sociales, en el marco del Proceso de Revocaci\u00f3n de Mandato, a celebrarse el pr\u00f3ximo domingo 25 de enero.<\/p>\n\n\n\n<p>Lo anterior deriv\u00f3 de la identificaci\u00f3n de diversos contenidos en los que se refieren hechos que podr\u00edan constituir infracciones a la normativa electoral, difundidos a trav\u00e9s de&nbsp;siete&nbsp;p\u00e1ginas y perfiles&nbsp;en redes sociales.<\/p>\n\n\n\n<p>La Comisi\u00f3n de Quejas y Denuncias se\u00f1al\u00f3 que, en dichas publicaciones, es posible advertir una presunta inducci\u00f3n al voto,&nbsp;por lo que&nbsp;se decret\u00f3 la adopci\u00f3n de la medida cautelar consistente en la suspensi\u00f3n inmediata de la difusi\u00f3n de la propaganda referida,&nbsp;que&nbsp;instruya el sentido del voto de la ciudadan\u00eda o utilice elementos gr\u00e1ficos orientados a influir en el sufragio.<\/p>\n\n\n\n<p>Finalmente, la Comisi\u00f3n exhort\u00f3 al&nbsp;partido pol\u00edtico&nbsp;Morena,&nbsp;as\u00ed como dos&nbsp;personas diputadas locales integrantes de la LXVI Legislatura del Estado de Oaxaca,&nbsp;a que ajusten la conducta de su militancia a los cauces que establece la normativa electoral.<\/p>\n\n\n\n<p>Esta sesi\u00f3n virtual cont\u00f3 con la participaci\u00f3n del consejero presidente de la Comisi\u00f3n de Quejas y Denuncias, Manuel Cort\u00e9s Muriedas, as\u00ed como de las consejeras electorales Ana Mar\u00eda M\u00e1rquez Andr\u00e9s y Gabriela Fernanda Espinoza Blancas, integrantes de la referida Comisi\u00f3n. Tambi\u00e9n estuvieron presentes el secretario ejecutivo, Graciano Alejandro Prats Rojas, y la secretaria t\u00e9cnica de la Comisi\u00f3n, Luisa Anah\u00ed Galindo Velazco.<\/p>\n\n\n\n<p>APRUEBAN OBSERVADORES<\/p>\n\n\n\n<p>Por otra parte, el Instituto Estatal Electoral inform\u00f3 que, al cierre de la convocatoria para la Observaci\u00f3n del Proceso de Revocaci\u00f3n de Mandato de la persona titular de la Gubernatura del Estado de Oaxaca para el periodo constitucional 2022\u20132028, el Sistema de Registro de Observaci\u00f3n Electoral (SIROBE) contabiliz\u00f3 un total de&nbsp;cinco mil 590 solicitudes, de las cuales&nbsp;cinco mil 011 fueron debidamente finalizadas&nbsp;y&nbsp;579 quedaron inconclusas.<\/p>\n\n\n\n<p>Las solicitudes recibidas ser\u00e1n analizadas para verificar el cumplimiento de los requisitos establecidos en la Convocatoria y, en su caso, validadas por el&nbsp;Consejo General del IEEPCO. Del total de registros,&nbsp;tres mil 028 corresponden a mujeres y dos mil 562 a hombres.&nbsp;<\/p>\n\n\n\n<p>Asimismo, se registraron&nbsp;22 personas con discapacidad,&nbsp;mil 430 personas con&nbsp;autoadscripci\u00f3n&nbsp;ind\u00edgena,&nbsp;21 personas con&nbsp;autoadscripci\u00f3n&nbsp;afromexicana&nbsp;y&nbsp;45 personas que se identificaron como parte de la diversidad sexual, lo que da cuenta de una participaci\u00f3n ciudadana amplia, plural e incluyente.<\/p>\n\n\n\n<p>En cuanto a la participaci\u00f3n de personas observadoras provenientes de otras entidades federativas, el SIROBE report\u00f3&nbsp;70 solicitudes, de las cuales&nbsp;64 fueron concluidas&nbsp;y&nbsp;6 quedaron sin finalizar. Las personas registradas provienen de los estados de&nbsp;Aguascalientes, Baja California, Chiapas, Chihuahua, Ciudad de M\u00e9xico, Coahuila, Estado de M\u00e9xico, Guanajuato, Hidalgo, Morelos, Nuevo Le\u00f3n, Puebla, Quer\u00e9taro, Quintana Roo, San Luis Potos\u00ed, Sinaloa y Tabasco.<\/p>\n\n\n\n<p>Lo anterior se realiza en cumplimiento de lo dispuesto en el&nbsp;Acuerdo IEEPCO-CG-41\/2025, mediante el cual se aprobaron la Convocatoria, sus Anexos y los Lineamientos para la implementaci\u00f3n de la observaci\u00f3n durante la&nbsp;Jornada de Revocaci\u00f3n de Mandato, que se llevar\u00e1 a cabo el&nbsp;domingo 25 de enero, en un horario de&nbsp;8:00 a 18:00 horas.<\/p>\n\n\n\n<p>La observaci\u00f3n electoral constituye un mecanismo fundamental de participaci\u00f3n ciudadana que fortalece los principios de&nbsp;certeza, legalidad, transparencia, rendici\u00f3n de cuentas y control democr\u00e1tico, as\u00ed como el ejercicio efectivo de los derechos pol\u00edtico-electorales de la ciudadan\u00eda.<\/p>\n\n\n\n<p>Cabe se\u00f1alar que la Convocatoria fue abierta el&nbsp;22 de diciembre, y la fecha l\u00edmite para la recepci\u00f3n de solicitudes fue el&nbsp;viernes 16 de enero de 2026,&nbsp;garantizando condiciones de igualdad, accesibilidad temporal y certeza jur\u00eddica para todas las personas interesadas.<\/p>\n","protected":false},"excerpt":{"rendered":"<p>Redacci\u00f3n\/Zona Roja. Oaxaca, Oax., a 20 de enero de 2026.- Este lunes, en sesi\u00f3n extraordinaria&hellip;<\/p>\n","protected":false},"author":2,"featured_media":89262,"comment_status":"closed","ping_status":"open","sticky":false,"template":"","format":"standard","meta":{"_lmt_disableupdate":"","_lmt_disable":"","_jetpack_memberships_contains_paid_content":false,"footnotes":""},"categories":[109,47],"tags":[2932,4512],"class_list":["post-89261","post","type-post","status-publish","format-standard","has-post-thumbnail","hentry","category-minuto-a-minuto","category-zona-gris","tag-instituto-estatal-electoral-y-de-participacion-ciudadana-de-oaxaca-ieepco","tag-revocacion-de-mandato-oaxaca"],"jetpack_featured_media_url":"https:\/\/zonaroja.com.mx\/wp-content\/uploads\/2026\/01\/Que-siga-la-primavera-oaxaquena.jpg","jetpack_sharing_enabled":true,"_links":{"self":[{"href":"https:\/\/zonaroja.com.mx\/index.php?rest_route=\/wp\/v2\/posts\/89261","targetHints":{"allow":["GET"]}}],"collection":[{"href":"https:\/\/zonaroja.com.mx\/index.php?rest_route=\/wp\/v2\/posts"}],"about":[{"href":"https:\/\/zonaroja.com.mx\/index.php?rest_route=\/wp\/v2\/types\/post"}],"author":[{"embeddable":true,"href":"https:\/\/zonaroja.com.mx\/index.php?rest_route=\/wp\/v2\/users\/2"}],"replies":[{"embeddable":true,"href":"https:\/\/zonaroja.com.mx\/index.php?rest_route=%2Fwp%2Fv2%2Fcomments&post=89261"}],"version-history":[{"count":1,"href":"https:\/\/zonaroja.com.mx\/index.php?rest_route=\/wp\/v2\/posts\/89261\/revisions"}],"predecessor-version":[{"id":89263,"href":"https:\/\/zonaroja.com.mx\/index.php?rest_route=\/wp\/v2\/posts\/89261\/revisions\/89263"}],"wp:featuredmedia":[{"embeddable":true,"href":"https:\/\/zonaroja.com.mx\/index.php?rest_route=\/wp\/v2\/media\/89262"}],"wp:attachment":[{"href":"https:\/\/zonaroja.com.mx\/index.php?rest_route=%2Fwp%2Fv2%2Fmedia&parent=89261"}],"wp:term":[{"taxonomy":"category","embeddable":true,"href":"https:\/\/zonaroja.com.mx\/index.php?rest_route=%2Fwp%2Fv2%2Fcategories&post=89261"},{"taxonomy":"post_tag","embeddable":true,"href":"https:\/\/zonaroja.com.mx\/index.php?rest_route=%2Fwp%2Fv2%2Ftags&post=89261"}],"curies":[{"name":"wp","href":"https:\/\/api.w.org\/{rel}","templated":true}]}}