{"id":89264,"date":"2026-01-20T10:15:00","date_gmt":"2026-01-20T16:15:00","guid":{"rendered":"https:\/\/zonaroja.com.mx\/?p=89264"},"modified":"2026-01-20T07:23:49","modified_gmt":"2026-01-20T13:23:49","slug":"a-tres-semanas-de-la-tragedia-del-tren-interoceanico-nada-de-justicia","status":"publish","type":"post","link":"https:\/\/zonaroja.com.mx\/?p=89264","title":{"rendered":"A tres semanas de la tragedia del Tren Interoce\u00e1nico, nada de justicia"},"content":{"rendered":"\n<p>Lisbeth Mej\u00eda Reyes\/Zona Roja.<\/p>\n\n\n\n<p>Oaxaca, Oax., a 20 de enero de 2026.- A tres semanas del descarrilamiento del Tren Interoce\u00e1nico en Oaxaca, las causas del percance siguen sin conocerse. Aunque la Presidenta Claudia Sheinbaum Pardo anunci\u00f3 este lunes que probablemente esta semana o a m\u00e1s tardar la siguiente semana se tenga un primer dictamen de parte de la Fiscal\u00eda General de la Rep\u00fablica (FGR), en espera del definitivo.<\/p>\n\n\n\n<p>La mandataria tambi\u00e9n se dijo a favor de investigar incluso a Gonzalo L\u00f3pez, hijo del ex presidente Andr\u00e9s Manuel L\u00f3pez Obrador. No obstante aclar\u00f3 que su participaci\u00f3n en la obra fue honor\u00edfica y solamente tuvo que ver con la revisi\u00f3n de los tiempos de la obra, en tanto que las responsabilidades de la construcci\u00f3n tendr\u00edan que recaer en los ingenieros.<\/p>\n\n\n\n<p>\u00abAqu\u00ed no se cubre a nadie\u00bb, respondi\u00f3 Sheinbaum ante la pregunta de un periodista durante la conferencia en Palacio de Gobierno sobre la solicitud de diputados del Partido Acci\u00f3n Nacional (PAN).<\/p>\n\n\n\n<p>El accidente en la l\u00ednea Z, en el tramo Nizanda -Chivela, dej\u00f3 14 personas fallecidas, entre estudiantes, miembros de una iglesia, un periodista y otras personas m\u00e1s, principalmente de Oaxaca, pero tambi\u00e9n de estados como Sonora.&nbsp;<\/p>\n\n\n\n<p>Tambi\u00e9n dej\u00f3 m\u00e1s de 100 lesionadas, entre quienes tuvieron que ser hospitalizadas y que en varios casos debieron de pasar por cirug\u00edas debido a la gravedad.<\/p>\n\n\n\n<p>Hasta ahora, son al menos tres de los sobrevivientes quienes mantienen demandas en contra de quienes resulten responsables del percance, incluyendo empresas constructoras (Comsa Infraestructura, Grupo Constructor Diamante, Daniferrotools) y funcionarios. Estas demandas fueron puestas por la familia integrada por Juan Manuel Iglesias, Flor del Carmen Tem\u00edch y el hijo de ambos, Alexis Iglesias Tem\u00edch, representados por elndespacho Vega Mac Gregor Arellano Abogados.<\/p>\n\n\n\n<p>Sin embargo, la federaci\u00f3n no ha reportado si el total de las personas que fueron hospitalizadas ya fueron dadas de alta. Adem\u00e1s de que tambi\u00e9n sigue pendiente la reparaci\u00f3n integral a las familias de las personas fallecidas y a las personas heridas.<\/p>\n\n\n\n<p>El descarrilamiento ocurri\u00f3 la ma\u00f1ana del domingo 28 de diciembre y por el caso diputados del Partido Acci\u00f3n Nacional (PAN) tambi\u00e9n denunciaron ante la FGR y la Auditor\u00eda Superior a Gonzalo L\u00f3pez Beltr\u00e1n, hijo del expresidente L\u00f3pez Obrador, por su presunta responsabilidad en el descarrilamiento del Tren Interoce\u00e1nico. La denuncia abarca tambi\u00e9n a otros funcionarios y empresarios.<\/p>\n","protected":false},"excerpt":{"rendered":"<p>Lisbeth Mej\u00eda Reyes\/Zona Roja. Oaxaca, Oax., a 20 de enero de 2026.- A tres semanas&hellip;<\/p>\n","protected":false},"author":2,"featured_media":88564,"comment_status":"closed","ping_status":"open","sticky":false,"template":"","format":"standard","meta":{"_lmt_disableupdate":"","_lmt_disable":"","_jetpack_memberships_contains_paid_content":false,"footnotes":""},"categories":[109,47],"tags":[4607,4603],"class_list":["post-89264","post","type-post","status-publish","format-standard","has-post-thumbnail","hentry","category-minuto-a-minuto","category-zona-gris","tag-descarrila-tren-interoceanico","tag-tren-interoceanico"],"jetpack_featured_media_url":"https:\/\/zonaroja.com.mx\/wp-content\/uploads\/2025\/12\/Accidente-Tren-Interoceanico.jpg","jetpack_sharing_enabled":true,"_links":{"self":[{"href":"https:\/\/zonaroja.com.mx\/index.php?rest_route=\/wp\/v2\/posts\/89264","targetHints":{"allow":["GET"]}}],"collection":[{"href":"https:\/\/zonaroja.com.mx\/index.php?rest_route=\/wp\/v2\/posts"}],"about":[{"href":"https:\/\/zonaroja.com.mx\/index.php?rest_route=\/wp\/v2\/types\/post"}],"author":[{"embeddable":true,"href":"https:\/\/zonaroja.com.mx\/index.php?rest_route=\/wp\/v2\/users\/2"}],"replies":[{"embeddable":true,"href":"https:\/\/zonaroja.com.mx\/index.php?rest_route=%2Fwp%2Fv2%2Fcomments&post=89264"}],"version-history":[{"count":1,"href":"https:\/\/zonaroja.com.mx\/index.php?rest_route=\/wp\/v2\/posts\/89264\/revisions"}],"predecessor-version":[{"id":89265,"href":"https:\/\/zonaroja.com.mx\/index.php?rest_route=\/wp\/v2\/posts\/89264\/revisions\/89265"}],"wp:featuredmedia":[{"embeddable":true,"href":"https:\/\/zonaroja.com.mx\/index.php?rest_route=\/wp\/v2\/media\/88564"}],"wp:attachment":[{"href":"https:\/\/zonaroja.com.mx\/index.php?rest_route=%2Fwp%2Fv2%2Fmedia&parent=89264"}],"wp:term":[{"taxonomy":"category","embeddable":true,"href":"https:\/\/zonaroja.com.mx\/index.php?rest_route=%2Fwp%2Fv2%2Fcategories&post=89264"},{"taxonomy":"post_tag","embeddable":true,"href":"https:\/\/zonaroja.com.mx\/index.php?rest_route=%2Fwp%2Fv2%2Ftags&post=89264"}],"curies":[{"name":"wp","href":"https:\/\/api.w.org\/{rel}","templated":true}]}}