{"id":89266,"date":"2026-01-20T11:15:00","date_gmt":"2026-01-20T17:15:00","guid":{"rendered":"https:\/\/zonaroja.com.mx\/?p=89266"},"modified":"2026-01-20T07:29:07","modified_gmt":"2026-01-20T13:29:07","slug":"alertan-por-aumento-de-sarampion-en-mexico-podria-perder-certificacion-de-oms","status":"publish","type":"post","link":"https:\/\/zonaroja.com.mx\/?p=89266","title":{"rendered":"Alertan por aumento de sarampi\u00f3n en M\u00e9xico; podr\u00eda perder certificaci\u00f3n de OMS"},"content":{"rendered":"\n<p>Redacci\u00f3n\/Zona Roja Cdmx.<\/p>\n\n\n\n<p>(Informaci\u00f3n del sitio Eje Central)<\/p>\n\n\n\n<p>Ciudad de M\u00e9xico, a 20 de enero de 2026.- En febrero de 2026 se cumplir\u00e1 un a\u00f1o del primer brote de sarampi\u00f3n registrado en M\u00e9xico, situaci\u00f3n que pone en riesgo la certificaci\u00f3n otorgada por la Organizaci\u00f3n Mundial de la Salud (OMS) como pa\u00eds libre de este virus.&nbsp;<\/p>\n\n\n\n<p>De acuerdo con el Informe Diario del Brote de Sarampi\u00f3n en M\u00e9xico, el pa\u00eds suma siete mil 131 casos confirmados, cifra que la Secretar\u00eda de Salud considera \u201chist\u00f3rica\u201d y que supera cualquier registro previo.<\/p>\n\n\n\n<p>La directora del Programa Salud de la Infancia y la Adolescencia del Centro Nacional para la Salud de la Infancia y la Adolescencia, Samantha Gaerther Barnard, se\u00f1al\u00f3 que, pese al aumento de contagios, \u00fanicamente el 5% de los casos sigue activo, lo que muestra una desaceleraci\u00f3n en la propagaci\u00f3n.<\/p>\n\n\n\n<p>La Secretar\u00eda de Salud anunci\u00f3 el despliegue de Equipos de Respuesta R\u00e1pida en todo el pa\u00eds, acompa\u00f1ados de sesiones continuas de los Consejos Estatales de Vacunaci\u00f3n y visitas domiciliarias para la aplicaci\u00f3n inmediata de cercos vacunales. Adem\u00e1s, se reforzar\u00e1 la vigilancia epidemiol\u00f3gica en todo el territorio nacional para detectar nuevos casos con oportunidad y evitar una mayor expansi\u00f3n del virus.<\/p>\n\n\n\n<p>En 2025, el Gobierno tambi\u00e9n puso en marcha las Semanas Nacionales de Vacunaci\u00f3n y la Semana Nacional de Salud P\u00fablica, acciones que se mantendr\u00e1n en 2026 con el objetivo de aumentar la cobertura y completar esquemas de inmunizaci\u00f3n.<\/p>\n\n\n\n<p>LAS CAMPA\u00d1AS<\/p>\n\n\n\n<p>Con el fin de revertir la baja percepci\u00f3n de riesgo entre la poblaci\u00f3n, la Secretar\u00eda de Salud implementar\u00e1 una campa\u00f1a nacional de comunicaci\u00f3n en radio, televisi\u00f3n, redes sociales y medios impresos. La estrategia se realizar\u00e1 en coordinaci\u00f3n con la Organizaci\u00f3n Panamericana de la Salud (OPS) y otros organismos internacionales, para reforzar mensajes sobre la seguridad y efectividad de la vacuna.<\/p>\n\n\n\n<p>\u201cSin vacunaci\u00f3n, el escenario ser\u00eda peor\u201d: autoridades destacan avance en aplicaci\u00f3n de dosis<\/p>\n\n\n\n<p>Gaerther Barnard resalt\u00f3 que ya se han aplicado 11 millones de vacunas contra el sarampi\u00f3n de los 18 millones disponibles, y advirti\u00f3 que el brote podr\u00eda haber sido mucho m\u00e1s grave sin estas acciones.<\/p>\n\n\n\n<p>El epidemi\u00f3logo Rodrigo Romero explic\u00f3 que el origen del brote, iniciado en febrero de 2025 en Chihuahua, se relaciona con una fuerte disminuci\u00f3n en la aplicaci\u00f3n de vacunas entre 2006 y 2024. El estudio Nineteen-Year Evidence on Measles\u2013Mumps\u2013Rubella Immunization in Mexico (publicado en 2025) revela que en ese periodo se dejaron de aplicar 22.5 millones de dosis de la vacuna SPR, equivalente al 25% de la poblaci\u00f3n, lo que afect\u00f3 la inmunidad de reba\u00f1o al no alcanzar la cobertura m\u00ednima del 95% establecida por la OMS y la OPS.<\/p>\n\n\n\n<p>ACCIONES PREVISTAS<\/p>\n\n\n\n<p>En la conferencia \u201cEvaluando al Megacentro de Vacunaci\u00f3n\u201d organizada por la UNAM, Gaerther Barnard adelant\u00f3 que en 2026 se aplicar\u00e1n segundas dosis en menores de cinco a\u00f1os y se retomar\u00e1n las semanas nacionales de vacunaci\u00f3n, que este a\u00f1o ser\u00e1n tres. Asimismo, se eval\u00faa la creaci\u00f3n de un megacentro para contener brotes.<\/p>\n\n\n\n<p>El director general de Atenci\u00f3n a la Salud de la UNAM, Gustavo Olaiz Fern\u00e1ndez, destac\u00f3 que el megacentro instalado en noviembre junto al Estadio Ol\u00edmpico Universitario super\u00f3 expectativas y recibi\u00f3 a personas de otros estados, por lo que planean replicar el modelo en otras regiones.<\/p>\n\n\n\n<p>La Secretar\u00eda de Salud hizo un llamado urgente a madres, padres y cuidadores a revisar la Cartilla Nacional de Salud y acudir a unidades m\u00e9dicas para completar los esquemas de vacunaci\u00f3n, recordando que la vacuna contra el sarampi\u00f3n es segura, gratuita y altamente efectiva, y que la vacunaci\u00f3n es la principal herramienta para prevenir el virus, reducir complicaciones y evitar defunciones, con prioridad en los grupos m\u00e1s vulnerables.<\/p>\n","protected":false},"excerpt":{"rendered":"<p>Redacci\u00f3n\/Zona Roja Cdmx. (Informaci\u00f3n del sitio Eje Central) Ciudad de M\u00e9xico, a 20 de enero&hellip;<\/p>\n","protected":false},"author":2,"featured_media":79511,"comment_status":"closed","ping_status":"open","sticky":false,"template":"","format":"standard","meta":{"_lmt_disableupdate":"","_lmt_disable":"","_jetpack_memberships_contains_paid_content":false,"footnotes":""},"categories":[109,47],"tags":[4641],"class_list":["post-89266","post","type-post","status-publish","format-standard","has-post-thumbnail","hentry","category-minuto-a-minuto","category-zona-gris","tag-sarampion-en-mexico"],"jetpack_featured_media_url":"https:\/\/zonaroja.com.mx\/wp-content\/uploads\/2025\/04\/Brote-de-sarampion.jpg","jetpack_sharing_enabled":true,"_links":{"self":[{"href":"https:\/\/zonaroja.com.mx\/index.php?rest_route=\/wp\/v2\/posts\/89266","targetHints":{"allow":["GET"]}}],"collection":[{"href":"https:\/\/zonaroja.com.mx\/index.php?rest_route=\/wp\/v2\/posts"}],"about":[{"href":"https:\/\/zonaroja.com.mx\/index.php?rest_route=\/wp\/v2\/types\/post"}],"author":[{"embeddable":true,"href":"https:\/\/zonaroja.com.mx\/index.php?rest_route=\/wp\/v2\/users\/2"}],"replies":[{"embeddable":true,"href":"https:\/\/zonaroja.com.mx\/index.php?rest_route=%2Fwp%2Fv2%2Fcomments&post=89266"}],"version-history":[{"count":1,"href":"https:\/\/zonaroja.com.mx\/index.php?rest_route=\/wp\/v2\/posts\/89266\/revisions"}],"predecessor-version":[{"id":89267,"href":"https:\/\/zonaroja.com.mx\/index.php?rest_route=\/wp\/v2\/posts\/89266\/revisions\/89267"}],"wp:featuredmedia":[{"embeddable":true,"href":"https:\/\/zonaroja.com.mx\/index.php?rest_route=\/wp\/v2\/media\/79511"}],"wp:attachment":[{"href":"https:\/\/zonaroja.com.mx\/index.php?rest_route=%2Fwp%2Fv2%2Fmedia&parent=89266"}],"wp:term":[{"taxonomy":"category","embeddable":true,"href":"https:\/\/zonaroja.com.mx\/index.php?rest_route=%2Fwp%2Fv2%2Fcategories&post=89266"},{"taxonomy":"post_tag","embeddable":true,"href":"https:\/\/zonaroja.com.mx\/index.php?rest_route=%2Fwp%2Fv2%2Ftags&post=89266"}],"curies":[{"name":"wp","href":"https:\/\/api.w.org\/{rel}","templated":true}]}}