{"id":89269,"date":"2026-01-20T00:15:00","date_gmt":"2026-01-20T06:15:00","guid":{"rendered":"https:\/\/zonaroja.com.mx\/?p=89269"},"modified":"2026-01-20T07:55:30","modified_gmt":"2026-01-20T13:55:30","slug":"destierran-a-pastor-evangelico-con-su-familia-de-comunidad-de-oaxaca","status":"publish","type":"post","link":"https:\/\/zonaroja.com.mx\/?p=89269","title":{"rendered":"Destierran a pastor evang\u00e9lico con su familia de comunidad de Oaxaca"},"content":{"rendered":"\n<p>Redacci\u00f3n\/Zona Roja.<\/p>\n\n\n\n<p>Oaxaca, Oax., a 20 de enero de 2026.- Tras cinco d\u00edas de privaci\u00f3n ilegal de la libertad, el pastor evang\u00e9lico Mariano Vel\u00e1squez Mart\u00ednez fue puesto en libertad por las autoridades de Santiago Malacatepec, municipio de San Juan Mazatl\u00e1n Mixe.&nbsp;<\/p>\n\n\n\n<p>No obstante, su liberaci\u00f3n ocurri\u00f3 bajo graves irregularidades y hostigamiento, derivando en el destierro de \u00e9l y su familia, un acto que hoy est\u00e1 tipificado como delito grave en el estado.<\/p>\n\n\n\n<p>El Pastor Vel\u00e1squez, quien ejerce su ministerio desde 2015, fue detenido tras negarse a participar en rituales cat\u00f3licos. Aunque fue forzado a aceptar el cargo de mayordomo de la festividad de Santiago Ap\u00f3stol, su arresto se produjo al negarse a arrodillarse y rezar ante la imagen religiosa, argumentando sus convicciones cristianas.<\/p>\n\n\n\n<p>Al ser liberado, el pastor denunci\u00f3 que las autoridades lo obligaron a firmar un documento en blanco, el cual se teme sea utilizado para fabricar una supuesta \u201csalida voluntaria\u00bb y as\u00ed evadir responsabilidades legales por lo que es, en realidad, una expulsi\u00f3n forzada.<\/p>\n\n\n\n<p>Este caso se produce en un nuevo contexto jur\u00eddico en el estado. En septiembre de 2025, el Congreso de Oaxaca aprob\u00f3 la Ley para Prevenir, Atender y Reparar Integralmente el Desplazamiento Forzado Interno, la cual es contundente frente a estos atropellos:<\/p>\n\n\n\n<p>\u2022 Reconocimiento de Causa Religiosa: La ley admite expl\u00edcitamente que los conflictos de libertad religiosa son factores originarios de desplazamiento forzado.<\/p>\n\n\n\n<p>\u2022 Delito Penal: El Art\u00edculo 80 de dicha norma tipifica el desplazamiento arbitrario como un delito penal en Oaxaca.<\/p>\n\n\n\n<p>\u2022 Sanciones Severas: Los responsables de provocar el desplazamiento de la familia Vel\u00e1squez Mart\u00ednez podr\u00edan enfrentar penas de 10 a 18 a\u00f1os de prisi\u00f3n, adem\u00e1s de multas de hasta 2,000 d\u00edas de UMA.<\/p>\n\n\n\n<p>\u2022 Agravantes: La ley contempla un aumento en las penas dado que el delito fue cometido por autoridades locales (servidores p\u00fablicos) y en un contexto de violencia y hostigamiento familiar.<\/p>\n\n\n\n<p>San Juan Mazatl\u00e1n tiene un historial cr\u00edtico de intolerancia; apenas en 2023, seis familias fueron expulsadas de San Pedro Chimaltepec por motivos similares. Sin embargo, con la nueva legislaci\u00f3n vigente, las autoridades estatales tienen la obligaci\u00f3n de actuar penalmente contra los responsables en Santiago Malacatepec.<\/p>\n\n\n\n<p>El abogado cristiano Porfirio Flores y grupos evang\u00e9licos en Oaxaca demandaron a la Fiscal\u00eda General del Estado de Oaxaca y a la Secretar\u00eda de Gobierno:<\/p>\n\n\n\n<p>\u2022 Aplicar de inmediato la Ley de Desplazamiento Forzado para sancionar a las autoridades municipales involucradas.<\/p>\n\n\n\n<p>\u2022 Brindar medidas de protecci\u00f3n y reparaci\u00f3n integral para el pastor y su familia, garantizando su seguridad fuera de la comunidad.<\/p>\n\n\n\n<p>\u2022 Intervenir en el municipio de San Juan Mazatl\u00e1n para poner fin a la persecuci\u00f3n sistem\u00e1tica por motivos de fe.<\/p>\n\n\n\n<p>\u00abLa libertad de culto no es una concesi\u00f3n de las autoridades comunales, sino un derecho humano inalienable que el Estado debe proteger\u00bb,, expusieron.<\/p>\n","protected":false},"excerpt":{"rendered":"<p>Redacci\u00f3n\/Zona Roja. Oaxaca, Oax., a 20 de enero de 2026.- Tras cinco d\u00edas de privaci\u00f3n&hellip;<\/p>\n","protected":false},"author":2,"featured_media":89154,"comment_status":"closed","ping_status":"open","sticky":false,"template":"","format":"standard","meta":{"_lmt_disableupdate":"","_lmt_disable":"","_jetpack_memberships_contains_paid_content":false,"footnotes":""},"categories":[109,47],"tags":[1372,4632],"class_list":["post-89269","post","type-post","status-publish","format-standard","has-post-thumbnail","hentry","category-minuto-a-minuto","category-zona-gris","tag-intolerancia-religiosa-oaxaca","tag-santiago-malacatepec"],"jetpack_featured_media_url":"https:\/\/zonaroja.com.mx\/wp-content\/uploads\/2026\/01\/Pastor-detenido-Santiago-Malacatepec.jpg","jetpack_sharing_enabled":true,"_links":{"self":[{"href":"https:\/\/zonaroja.com.mx\/index.php?rest_route=\/wp\/v2\/posts\/89269","targetHints":{"allow":["GET"]}}],"collection":[{"href":"https:\/\/zonaroja.com.mx\/index.php?rest_route=\/wp\/v2\/posts"}],"about":[{"href":"https:\/\/zonaroja.com.mx\/index.php?rest_route=\/wp\/v2\/types\/post"}],"author":[{"embeddable":true,"href":"https:\/\/zonaroja.com.mx\/index.php?rest_route=\/wp\/v2\/users\/2"}],"replies":[{"embeddable":true,"href":"https:\/\/zonaroja.com.mx\/index.php?rest_route=%2Fwp%2Fv2%2Fcomments&post=89269"}],"version-history":[{"count":1,"href":"https:\/\/zonaroja.com.mx\/index.php?rest_route=\/wp\/v2\/posts\/89269\/revisions"}],"predecessor-version":[{"id":89270,"href":"https:\/\/zonaroja.com.mx\/index.php?rest_route=\/wp\/v2\/posts\/89269\/revisions\/89270"}],"wp:featuredmedia":[{"embeddable":true,"href":"https:\/\/zonaroja.com.mx\/index.php?rest_route=\/wp\/v2\/media\/89154"}],"wp:attachment":[{"href":"https:\/\/zonaroja.com.mx\/index.php?rest_route=%2Fwp%2Fv2%2Fmedia&parent=89269"}],"wp:term":[{"taxonomy":"category","embeddable":true,"href":"https:\/\/zonaroja.com.mx\/index.php?rest_route=%2Fwp%2Fv2%2Fcategories&post=89269"},{"taxonomy":"post_tag","embeddable":true,"href":"https:\/\/zonaroja.com.mx\/index.php?rest_route=%2Fwp%2Fv2%2Ftags&post=89269"}],"curies":[{"name":"wp","href":"https:\/\/api.w.org\/{rel}","templated":true}]}}