{"id":89271,"date":"2026-01-20T11:15:00","date_gmt":"2026-01-20T17:15:00","guid":{"rendered":"https:\/\/zonaroja.com.mx\/?p=89271"},"modified":"2026-01-20T08:07:39","modified_gmt":"2026-01-20T14:07:39","slug":"vinculan-a-proceso-a-ex-autoridades-en-oaxaca-por-violencia-politica","status":"publish","type":"post","link":"https:\/\/zonaroja.com.mx\/?p=89271","title":{"rendered":"Vinculan a proceso a ex autoridades en Oaxaca, por violencia pol\u00edtica"},"content":{"rendered":"\n<p>Redacci\u00f3n\/Zona Roja.<\/p>\n\n\n\n<p>Oaxaca, Oax., a 20 de enero de 2026.- La Fiscal\u00eda General del Estado de Oaxaca (FGEO), a trav\u00e9s de la Fiscal\u00eda Especializada en Delitos Electorales (FEDE), obtuvo auto de vinculaci\u00f3n a proceso en contra de A.H.V., J.A.A.M. y R.F.R.S., exconcejales del ayuntamiento de San Juan Lajarcia, en el distrito de San Carlos Yautepec, por el delito de Violencia Pol\u00edtica Contra las Mujeres en Raz\u00f3n de G\u00e9nero.<\/p>\n\n\n\n<p>La Fiscal\u00eda de Oaxaca tom\u00f3 conocimiento del caso a trav\u00e9s de la FEDE, luego de recibir la denuncia presentada por la v\u00edctima identificada como G.M.D. quien ejerc\u00eda el cargo de Regidora en el referido municipio.<\/p>\n\n\n\n<p>La v\u00edctima denunci\u00f3 ante la autoridad ministerial sobre la obstrucci\u00f3n para ejercer las facultades de cargo de regidora luego de ser electa por la Asamblea Comunitaria de su municipio, maltratos basados en estereotipos de g\u00e9nero, violencia verbal y psicol\u00f3gica.<\/p>\n\n\n\n<p>Durante la audiencia se manifestaron las razones por las que se realiz\u00f3 la imputaci\u00f3n a quienes fueron servidores p\u00fablicos del ayuntamiento de San Juan Lajarcia, logrando el Auto de Vinculaci\u00f3n a proceso por el delito de Violencia Pol\u00edtica contra las Mujeres en Raz\u00f3n de G\u00e9nero estipulado por el art\u00edculo 20Bis de la Ley General en Materia de Delitos Electorales.<\/p>\n\n\n\n<p>La Fiscal\u00eda General del Estado de Oaxaca, a trav\u00e9s de su Fiscal\u00eda Especializada en Delitos Electorales, reitera su compromiso con la protecci\u00f3n de los derechos de las mujeres para el libre desarrollo y ejercicio de los cargos p\u00fablicos.<\/p>\n\n\n\n<p>POR ROBO<\/p>\n\n\n\n<p>En otro caso, la Fiscal\u00eda General obtuvo la vinculaci\u00f3n a proceso por el delito de robo con violencia en contra de una persona del sexo masculino identificado como F.F.P., por hechos ocurridos en el centro hist\u00f3rico de la ciudad de Oaxaca de Ju\u00e1rez.<\/p>\n\n\n\n<p>De acuerdo con el expediente penal, los hechos ocurrieron el 28 de diciembre de 2025, cuando la v\u00edctima, una mujer, caminaba sobre la calle de Arteaga, cuando sac\u00f3 su celular, momento en que una persona le cierra el pas\u00f3 y se colocan frente a ella para despu\u00e9s amenazarla con un objeto punzo cortante (navaja) para que entregue el tel\u00e9fono y su dinero, posteriormente huy\u00f3 de lugar.<\/p>\n\n\n\n<p>Tras tener conocimiento de estos hechos, la FGEO a trav\u00e9s de la Vicefiscal\u00eda Regional de Valles Centrales inici\u00f3 las primeras indagatorias, lo que permiti\u00f3 obtener y ejecutar la orden de aprehensi\u00f3n en contra de F.F.P. por el delito de robo con violencia.<\/p>\n\n\n\n<p>Durante la audiencia y derivado de las pruebas presentadas por la FGEO ante el Juez de la causa, este determin\u00f3 vincular a proceso a F.F.P., a quien le impuso la medida de prisi\u00f3n preventiva justificada, y otorg\u00f3 un mes para el cierre de la investigaci\u00f3n.<\/p>\n","protected":false},"excerpt":{"rendered":"<p>Redacci\u00f3n\/Zona Roja. Oaxaca, Oax., a 20 de enero de 2026.- La Fiscal\u00eda General del Estado&hellip;<\/p>\n","protected":false},"author":2,"featured_media":89272,"comment_status":"closed","ping_status":"open","sticky":false,"template":"","format":"standard","meta":{"_lmt_disableupdate":"","_lmt_disable":"","_jetpack_memberships_contains_paid_content":false,"footnotes":""},"categories":[109,46],"tags":[494,3004],"class_list":["post-89271","post","type-post","status-publish","format-standard","has-post-thumbnail","hentry","category-minuto-a-minuto","category-zona-blanca","tag-fiscalia-general-del-estado-de-oaxaca","tag-san-juan-lajarcia"],"jetpack_featured_media_url":"https:\/\/zonaroja.com.mx\/wp-content\/uploads\/2026\/01\/San-Juan-Lajarcia.jpg","jetpack_sharing_enabled":true,"_links":{"self":[{"href":"https:\/\/zonaroja.com.mx\/index.php?rest_route=\/wp\/v2\/posts\/89271","targetHints":{"allow":["GET"]}}],"collection":[{"href":"https:\/\/zonaroja.com.mx\/index.php?rest_route=\/wp\/v2\/posts"}],"about":[{"href":"https:\/\/zonaroja.com.mx\/index.php?rest_route=\/wp\/v2\/types\/post"}],"author":[{"embeddable":true,"href":"https:\/\/zonaroja.com.mx\/index.php?rest_route=\/wp\/v2\/users\/2"}],"replies":[{"embeddable":true,"href":"https:\/\/zonaroja.com.mx\/index.php?rest_route=%2Fwp%2Fv2%2Fcomments&post=89271"}],"version-history":[{"count":1,"href":"https:\/\/zonaroja.com.mx\/index.php?rest_route=\/wp\/v2\/posts\/89271\/revisions"}],"predecessor-version":[{"id":89273,"href":"https:\/\/zonaroja.com.mx\/index.php?rest_route=\/wp\/v2\/posts\/89271\/revisions\/89273"}],"wp:featuredmedia":[{"embeddable":true,"href":"https:\/\/zonaroja.com.mx\/index.php?rest_route=\/wp\/v2\/media\/89272"}],"wp:attachment":[{"href":"https:\/\/zonaroja.com.mx\/index.php?rest_route=%2Fwp%2Fv2%2Fmedia&parent=89271"}],"wp:term":[{"taxonomy":"category","embeddable":true,"href":"https:\/\/zonaroja.com.mx\/index.php?rest_route=%2Fwp%2Fv2%2Fcategories&post=89271"},{"taxonomy":"post_tag","embeddable":true,"href":"https:\/\/zonaroja.com.mx\/index.php?rest_route=%2Fwp%2Fv2%2Ftags&post=89271"}],"curies":[{"name":"wp","href":"https:\/\/api.w.org\/{rel}","templated":true}]}}