{"id":89274,"date":"2026-01-20T13:00:00","date_gmt":"2026-01-20T19:00:00","guid":{"rendered":"https:\/\/zonaroja.com.mx\/?p=89274"},"modified":"2026-01-20T08:10:02","modified_gmt":"2026-01-20T14:10:02","slug":"oaxaca-presente-en-la-fitur-2026-de-espana-con-muestra-de-la-guelaguetza","status":"publish","type":"post","link":"https:\/\/zonaroja.com.mx\/?p=89274","title":{"rendered":"Oaxaca presente en la Fitur 2026 de Espa\u00f1a con muestra de la Guelaguetza"},"content":{"rendered":"\n<p>Redacci\u00f3n\/Zona Roja.<\/p>\n\n\n\n<p>Oaxaca, Oax., a 20 de enero de 2026.- La algarab\u00eda de los pueblos oaxaque\u00f1os llegar\u00e1 con una muestra de la Guelaguetza a la Feria Internacional de Turismo (Fitur) 2026, que se desarrollar\u00e1 del 21 al 25 de enero en diversos espacios p\u00fablicos de Madrid, Espa\u00f1a.<\/p>\n\n\n\n<p>En estos encuentros, que expondr\u00e1n la riqueza cultural y gastron\u00f3mica de la entidad, participar\u00e1n las delegaciones de: las Chinas Oaxaque\u00f1as, Tlaxiaco, Huajuapan de Le\u00f3n, Asunci\u00f3n Ixtaltepec, Santiago Juxtlahuaca, San Pedro Pochutla, San Juan Bautista Tuxtepec y Teotitl\u00e1n del Valle.<\/p>\n\n\n\n<p>Los recintos en los que se presentar\u00e1n ser\u00e1n: Instituci\u00f3n Ferial de Madrid (Ifema), Fundaci\u00f3n Casa de M\u00e9xico en Espa\u00f1a y el Instituto Casa de Am\u00e9rica, as\u00ed como en espacios p\u00fablicos de esa ciudad.<\/p>\n\n\n\n<p>Como parte de las actividades art\u00edsticas y gastron\u00f3micas, se llevar\u00e1 a cabo una calenda con la participaci\u00f3n de la Banda Sinf\u00f3nica de Tlaxiaco, adem\u00e1s, habr\u00e1 talleres artesanales de pintado de madera, exposici\u00f3n de estas piezas y m\u00e1scaras realizadas por artistas de Santiago Juxtlahuaca, as\u00ed como degustaciones de platillos elaborados por cocineras tradicionales de la Mixteca.<\/p>\n\n\n\n<p>Cabe destacar que, en 2024, Espa\u00f1a se ubic\u00f3 en la sexta posici\u00f3n de los pa\u00edses transmisores de visitantes hacia M\u00e9xico y como el segundo mercado emisor de turistas desde Europa, lo que reforz\u00f3 la participaci\u00f3n de la Rep\u00fablica Mexicana como Pa\u00eds Socio de la Fitur 2025 con el pabell\u00f3n m\u00e1s grande de Am\u00e9rica.<\/p>\n","protected":false},"excerpt":{"rendered":"<p>Redacci\u00f3n\/Zona Roja. Oaxaca, Oax., a 20 de enero de 2026.- La algarab\u00eda de los pueblos&hellip;<\/p>\n","protected":false},"author":2,"featured_media":89275,"comment_status":"closed","ping_status":"open","sticky":false,"template":"","format":"standard","meta":{"_lmt_disableupdate":"","_lmt_disable":"","_jetpack_memberships_contains_paid_content":false,"footnotes":""},"categories":[109,46],"tags":[1031],"class_list":["post-89274","post","type-post","status-publish","format-standard","has-post-thumbnail","hentry","category-minuto-a-minuto","category-zona-blanca","tag-secretaria-de-turismo-oaxaca"],"jetpack_featured_media_url":"https:\/\/zonaroja.com.mx\/wp-content\/uploads\/2026\/01\/Fitur-Turismo-Madrid.webp","jetpack_sharing_enabled":true,"_links":{"self":[{"href":"https:\/\/zonaroja.com.mx\/index.php?rest_route=\/wp\/v2\/posts\/89274","targetHints":{"allow":["GET"]}}],"collection":[{"href":"https:\/\/zonaroja.com.mx\/index.php?rest_route=\/wp\/v2\/posts"}],"about":[{"href":"https:\/\/zonaroja.com.mx\/index.php?rest_route=\/wp\/v2\/types\/post"}],"author":[{"embeddable":true,"href":"https:\/\/zonaroja.com.mx\/index.php?rest_route=\/wp\/v2\/users\/2"}],"replies":[{"embeddable":true,"href":"https:\/\/zonaroja.com.mx\/index.php?rest_route=%2Fwp%2Fv2%2Fcomments&post=89274"}],"version-history":[{"count":1,"href":"https:\/\/zonaroja.com.mx\/index.php?rest_route=\/wp\/v2\/posts\/89274\/revisions"}],"predecessor-version":[{"id":89276,"href":"https:\/\/zonaroja.com.mx\/index.php?rest_route=\/wp\/v2\/posts\/89274\/revisions\/89276"}],"wp:featuredmedia":[{"embeddable":true,"href":"https:\/\/zonaroja.com.mx\/index.php?rest_route=\/wp\/v2\/media\/89275"}],"wp:attachment":[{"href":"https:\/\/zonaroja.com.mx\/index.php?rest_route=%2Fwp%2Fv2%2Fmedia&parent=89274"}],"wp:term":[{"taxonomy":"category","embeddable":true,"href":"https:\/\/zonaroja.com.mx\/index.php?rest_route=%2Fwp%2Fv2%2Fcategories&post=89274"},{"taxonomy":"post_tag","embeddable":true,"href":"https:\/\/zonaroja.com.mx\/index.php?rest_route=%2Fwp%2Fv2%2Ftags&post=89274"}],"curies":[{"name":"wp","href":"https:\/\/api.w.org\/{rel}","templated":true}]}}