{"id":89279,"date":"2026-01-20T15:12:00","date_gmt":"2026-01-20T21:12:00","guid":{"rendered":"https:\/\/zonaroja.com.mx\/?p=89279"},"modified":"2026-01-20T08:13:08","modified_gmt":"2026-01-20T14:13:08","slug":"presentaran-poemario-del-periodista-oaxaqueno-wilfrido-lopez-torres","status":"publish","type":"post","link":"https:\/\/zonaroja.com.mx\/?p=89279","title":{"rendered":"Presentar\u00e1n poemario del periodista oaxaque\u00f1o Wilfrido L\u00f3pez Torres"},"content":{"rendered":"\n<p>Redacci\u00f3n\/Zona Roja.<\/p>\n\n\n\n<p>Oaxaca, Oax., a 20 de enero de 2026.- El Club de Lectura de Periodismo \u201cWilfrido L\u00f3pez Torres\u201d conmemora su segundo aniversario con la publicaci\u00f3n del poemario \u201cHe hallado mi final en tu camino\u201d del periodista oaxaque\u00f1o Wilfrido L\u00f3pez Torres, en homenaje a su esp\u00edritu de trabajo constante en favor de la lectura, el pensamiento cr\u00edtico y la memoria de los periodistas oaxaque\u00f1os.<\/p>\n\n\n\n<p>Editado originalmente en 1986 por la Casa de la Cultura Oaxaque\u00f1a y ganador del primer lugar de un concurso de poes\u00eda, la obra recoge una voz po\u00e9tica \u00edntima y reflexiva, marcada por la mirada humana del autor sobre el tiempo, la memoria y el destino, aun cuando pareciera que el caudal de sensaciones y emociones parecen desbordarlo.<\/p>\n\n\n\n<p>La maestra Sandra Ramos Rojas, compa\u00f1era de vida de L\u00f3pez Torres y promotora de la obra editorial, que ser\u00e1 presentada el pr\u00f3ximo mes, afirm\u00f3 que en este t\u00edtulo \u201cse puede leer en cada l\u00ednea al poeta de 26 a\u00f1os que, seguramente inseguro y temeroso, por primera vez se atrev\u00eda a compartir con los dem\u00e1s su poes\u00eda de amor y realidad, pasi\u00f3n y curiosidad, idealista y profunda\u201d.<\/p>\n\n\n\n<p>Por su parte, el coordinador general del proyecto, Francisco J. S\u00e1nchez, destac\u00f3 que la publicaci\u00f3n del poemario representa \u201cel mejor est\u00edmulo y resultado de dos a\u00f1os de intenso trabajo para formar lectores cr\u00edticos capaces de distinguir el periodismo riguroso de la desinformaci\u00f3n y la superficialidad\u201d.<\/p>\n\n\n\n<p>Precis\u00f3 que desde su fundaci\u00f3n el 17 de enero de 2024, el club de lectura ha realizado sesiones peri\u00f3dicas de an\u00e1lisis de libros y textos vinculados con el ejercicio informativo, fomentando la discusi\u00f3n argumentada, el pensamiento cr\u00edtico y la formaci\u00f3n de nuevos lectores que tanta falta le hacen al periodismo.<\/p>\n\n\n\n<p>A lo largo de estos dos a\u00f1os, el proyecto ha logrado integrar a periodistas en activo, profesionistas y p\u00fablico general, adem\u00e1s de sentar las bases para nuevos proyectos editoriales, como la colecci\u00f3n editorial \u201cWilfrido L\u00f3pez Torres\u201d destinada a publicar obra period\u00edstica, literaria y pedag\u00f3gica de periodistas locales como de todo el pa\u00eds.<\/p>\n\n\n\n<p>Apenas a mediados de diciembre pasado fue presentado el primer t\u00edtulo de esta \u00faltima, \u201cMujeres Periodistas Oaxaque\u00f1as. Volumen I\u201d, de la autor\u00eda de Don Leandro Hern\u00e1ndez Romero, marcando el inicio de un camino editorial que apuesta por la memoria, la palabra y la dignidad del oficio.<\/p>\n","protected":false},"excerpt":{"rendered":"<p>Redacci\u00f3n\/Zona Roja. Oaxaca, Oax., a 20 de enero de 2026.- El Club de Lectura de&hellip;<\/p>\n","protected":false},"author":2,"featured_media":85127,"comment_status":"closed","ping_status":"open","sticky":false,"template":"","format":"standard","meta":{"_lmt_disableupdate":"","_lmt_disable":"","_jetpack_memberships_contains_paid_content":false,"footnotes":""},"categories":[109,46],"tags":[4578,4471],"class_list":["post-89279","post","type-post","status-publish","format-standard","has-post-thumbnail","hentry","category-minuto-a-minuto","category-zona-blanca","tag-club-de-lectura-wilfrido-lopez-torres","tag-wilfrido-lopez-torres"],"jetpack_featured_media_url":"https:\/\/zonaroja.com.mx\/wp-content\/uploads\/2025\/09\/Wilfrido-Willy-Lopez-Torres.jpg","jetpack_sharing_enabled":true,"_links":{"self":[{"href":"https:\/\/zonaroja.com.mx\/index.php?rest_route=\/wp\/v2\/posts\/89279","targetHints":{"allow":["GET"]}}],"collection":[{"href":"https:\/\/zonaroja.com.mx\/index.php?rest_route=\/wp\/v2\/posts"}],"about":[{"href":"https:\/\/zonaroja.com.mx\/index.php?rest_route=\/wp\/v2\/types\/post"}],"author":[{"embeddable":true,"href":"https:\/\/zonaroja.com.mx\/index.php?rest_route=\/wp\/v2\/users\/2"}],"replies":[{"embeddable":true,"href":"https:\/\/zonaroja.com.mx\/index.php?rest_route=%2Fwp%2Fv2%2Fcomments&post=89279"}],"version-history":[{"count":1,"href":"https:\/\/zonaroja.com.mx\/index.php?rest_route=\/wp\/v2\/posts\/89279\/revisions"}],"predecessor-version":[{"id":89280,"href":"https:\/\/zonaroja.com.mx\/index.php?rest_route=\/wp\/v2\/posts\/89279\/revisions\/89280"}],"wp:featuredmedia":[{"embeddable":true,"href":"https:\/\/zonaroja.com.mx\/index.php?rest_route=\/wp\/v2\/media\/85127"}],"wp:attachment":[{"href":"https:\/\/zonaroja.com.mx\/index.php?rest_route=%2Fwp%2Fv2%2Fmedia&parent=89279"}],"wp:term":[{"taxonomy":"category","embeddable":true,"href":"https:\/\/zonaroja.com.mx\/index.php?rest_route=%2Fwp%2Fv2%2Fcategories&post=89279"},{"taxonomy":"post_tag","embeddable":true,"href":"https:\/\/zonaroja.com.mx\/index.php?rest_route=%2Fwp%2Fv2%2Ftags&post=89279"}],"curies":[{"name":"wp","href":"https:\/\/api.w.org\/{rel}","templated":true}]}}