{"id":89282,"date":"2026-01-20T16:18:26","date_gmt":"2026-01-20T22:18:26","guid":{"rendered":"https:\/\/zonaroja.com.mx\/?p=89282"},"modified":"2026-01-20T16:18:26","modified_gmt":"2026-01-20T22:18:26","slug":"matan-a-balazos-a-un-nino-de-10-anos-en-panixtlahuaca-oaxaca","status":"publish","type":"post","link":"https:\/\/zonaroja.com.mx\/?p=89282","title":{"rendered":"Matan a balazos a un ni\u00f1o de 10 a\u00f1os en Panixtlahuaca, Oaxaca&nbsp;"},"content":{"rendered":"\n<p>Ismael Garc\u00eda M.\/Zona Roja.<\/p>\n\n\n\n<p>Oaxaca, Oax., a 20 de enero de 2026.- Un menor de 10 a\u00f1os de edad fue asesinado a balazos en San Miguel Panixtlahuaca, distrito de Juquila, y se presume que habr\u00edan participado polic\u00edas municipales.&nbsp;<\/p>\n\n\n\n<p>El cuerpo sin vida de quien fue identificado con las iniciales L. A. fue localizado ayer por la ma\u00f1ana cerca de un r\u00edo, en el barri\u00f3 Guadalupe.&nbsp;<\/p>\n\n\n\n<p>Presuntamente result\u00f3 fue agredido junto con otro grupo de personas por parte de polic\u00edas municipales que argumentaron que repelieron una agresi\u00f3n.&nbsp;<\/p>\n\n\n\n<p>El peque\u00f1o fue llevado de urgencia a un hospital pero se corrobor\u00f3 que ya no contaba con signos vitales.&nbsp;<\/p>\n\n\n\n<p>El Ministerio P\u00fablico de la Fiscal\u00eda General del Estado de Oaxaca inici\u00f3 con las indagatorias correspondientes y llam\u00f3 a comparecer a los uniformados locales, incluyendo su comandante.&nbsp;<\/p>\n\n\n\n<p>Sin embargo opusieron resistencia y enfrentaron a los investigadores estatales, por lo cual fueron detenidos siete polic\u00edas.&nbsp;<\/p>\n\n\n\n<p>Se les investiga por su probable participaci\u00f3n en el asesinato del menor de edad y ahora est\u00e1n tambi\u00e9n detenidos por resistencia a particulares.&nbsp;<\/p>\n\n\n\n<p>Hasta ahora no hay informaci\u00f3n oficial respecto de los hechos.&nbsp;<\/p>\n","protected":false},"excerpt":{"rendered":"<p>Ismael Garc\u00eda M.\/Zona Roja. Oaxaca, Oax., a 20 de enero de 2026.- Un menor de&hellip;<\/p>\n","protected":false},"author":2,"featured_media":89281,"comment_status":"closed","ping_status":"open","sticky":false,"template":"","format":"standard","meta":{"_lmt_disableupdate":"","_lmt_disable":"","_jetpack_memberships_contains_paid_content":false,"footnotes":""},"categories":[109,51],"tags":[3032],"class_list":["post-89282","post","type-post","status-publish","format-standard","has-post-thumbnail","hentry","category-minuto-a-minuto","category-zona-roja","tag-san-miguel-panixtlahuaca"],"jetpack_featured_media_url":"https:\/\/zonaroja.com.mx\/wp-content\/uploads\/2026\/01\/fc07c700-295a-4dca-a965-493377dd8375.jpg","jetpack_sharing_enabled":true,"_links":{"self":[{"href":"https:\/\/zonaroja.com.mx\/index.php?rest_route=\/wp\/v2\/posts\/89282","targetHints":{"allow":["GET"]}}],"collection":[{"href":"https:\/\/zonaroja.com.mx\/index.php?rest_route=\/wp\/v2\/posts"}],"about":[{"href":"https:\/\/zonaroja.com.mx\/index.php?rest_route=\/wp\/v2\/types\/post"}],"author":[{"embeddable":true,"href":"https:\/\/zonaroja.com.mx\/index.php?rest_route=\/wp\/v2\/users\/2"}],"replies":[{"embeddable":true,"href":"https:\/\/zonaroja.com.mx\/index.php?rest_route=%2Fwp%2Fv2%2Fcomments&post=89282"}],"version-history":[{"count":1,"href":"https:\/\/zonaroja.com.mx\/index.php?rest_route=\/wp\/v2\/posts\/89282\/revisions"}],"predecessor-version":[{"id":89283,"href":"https:\/\/zonaroja.com.mx\/index.php?rest_route=\/wp\/v2\/posts\/89282\/revisions\/89283"}],"wp:featuredmedia":[{"embeddable":true,"href":"https:\/\/zonaroja.com.mx\/index.php?rest_route=\/wp\/v2\/media\/89281"}],"wp:attachment":[{"href":"https:\/\/zonaroja.com.mx\/index.php?rest_route=%2Fwp%2Fv2%2Fmedia&parent=89282"}],"wp:term":[{"taxonomy":"category","embeddable":true,"href":"https:\/\/zonaroja.com.mx\/index.php?rest_route=%2Fwp%2Fv2%2Fcategories&post=89282"},{"taxonomy":"post_tag","embeddable":true,"href":"https:\/\/zonaroja.com.mx\/index.php?rest_route=%2Fwp%2Fv2%2Ftags&post=89282"}],"curies":[{"name":"wp","href":"https:\/\/api.w.org\/{rel}","templated":true}]}}