{"id":89284,"date":"2026-01-20T21:08:31","date_gmt":"2026-01-21T03:08:31","guid":{"rendered":"https:\/\/zonaroja.com.mx\/?p=89284"},"modified":"2026-01-20T21:08:33","modified_gmt":"2026-01-21T03:08:33","slug":"violencia-letal-en-el-pais-se-incremento-72-en-una-decada-mexico-evalua","status":"publish","type":"post","link":"https:\/\/zonaroja.com.mx\/?p=89284","title":{"rendered":"Violencia letal en el pa\u00eds se increment\u00f3 72% en una d\u00e9cada: M\u00e9xico Eval\u00faa"},"content":{"rendered":"\n<p>Redacci\u00f3n\/Zona Roja Cdmx.<\/p>\n\n\n\n<p>(Informaci\u00f3n de \u201cEl Financiero\u201d)<\/p>\n\n\n\n<p>Ciudad de M\u00e9xico, a 20 de enero de 2026.- Los hechos asociados a la violencia letal en M\u00e9xico pasaron de 39 mil 653 registrados en 2015 a 68 mil 424 en 2025, lo que representa un incremento de 72.6%, por lo tanto no puede afirmarse que el pa\u00eds se encuentre en el inicio de un proceso de pacificaci\u00f3n.<\/p>\n\n\n\n<p>Un reporte de an\u00e1lisis de la organizaci\u00f3n M\u00e9xico Eval\u00faa se\u00f1ala, adem\u00e1s, que si la comparaci\u00f3n se realiza con 2018, a\u00f1o en que inici\u00f3 el actual r\u00e9gimen pol\u00edtico, el balance tambi\u00e9n es negativo, con un aumento de 11.8%.<\/p>\n\n\n\n<p>\u201cLa realidad es que continuamos inmersos en la era m\u00e1s violenta de la historia: s\u00f3lo en la \u00faltima d\u00e9cada, la violencia letal aument\u00f3 72.6% a nivel nacional\u201d, se pone \u00e9nfasis.<\/p>\n\n\n\n<p>El an\u00e1lisis titulado Reducci\u00f3n reciente de la violencia no remedia crisis de la \u00faltima d\u00e9cada se\u00f1ala que \u201ca pesar de la reducci\u00f3n del homicidio doloso anunciada y celebrada en los \u00faltimos meses por el gobierno federal, la pacificaci\u00f3n del territorio nacional sigue siendo una promesa lejana. De hecho, el pa\u00eds se encuentra en una situaci\u00f3n m\u00e1s grave\u201d.<\/p>\n\n\n\n<p>De acuerdo con el reporte, esta intensificaci\u00f3n de la violencia letal se observa tanto a nivel nacional como en la mayor\u00eda de los estados al compararlo con la \u00faltima d\u00e9cada (2015 a 2025) y con 2018, a\u00f1o que marca el inicio del actual r\u00e9gimen.<\/p>\n\n\n\n<p>El estudio indica que dos factores son la principal explicaci\u00f3n de los picos de violencia letal a nivel estatal: los conflictos entre organizaciones del crimen organizado y las pol\u00edticas federales orientadas a debilitar sus operaciones.<\/p>\n\n\n\n<p>\u201cLos hallazgos de nuestro reporte tambi\u00e9n invitan a replantear las formas en que el Estado mide la violencia letal. Al d\u00eda de hoy, la pol\u00edtica de seguridad p\u00fablica se dise\u00f1a y eval\u00faa con datos parciales y poco confiables. Esto incrementa el riesgo de repuntes violentos no anticipados, con consecuencias graves para la seguridad y la gobernabilidad en los territorios\u201d, se\u00f1ala.<\/p>\n\n\n\n<p>M\u00e9xico Eval\u00faa pone \u00e9nfasis en que persisten incrementos significativos en el n\u00famero de personas desaparecidas y no localizadas, con un crecimiento sostenido desde 2018 (107.5%) y un repunte reciente durante el \u00faltimo a\u00f1o (21.1%).<\/p>\n\n\n\n<p>Apenas el 8 de enero pasado, el gabinete de seguridad de la presidenta Claudia Sheinbaum report\u00f3 una reducci\u00f3n de 40% de los homicidios dolosos.<\/p>\n\n\n\n<p>De acuerdo con la mandataria, en lo que va de su administraci\u00f3n el promedio diario pas\u00f3 de 86.9 a 52.4 v\u00edctimas, lo que representa 34 homicidios diarios menos.<\/p>\n\n\n\n<p>\u201cEste es el resultado de una estrategia de seguridad que va dando resultados y de una coordinaci\u00f3n muy estrecha de todas las \u00e1reas de seguridad, de justicia, de procuraci\u00f3n de justicia y con los gobernadores de los estados\u201d, argument\u00f3 la mandataria.<\/p>\n","protected":false},"excerpt":{"rendered":"<p>Redacci\u00f3n\/Zona Roja Cdmx. (Informaci\u00f3n de \u201cEl Financiero\u201d) Ciudad de M\u00e9xico, a 20 de enero de&hellip;<\/p>\n","protected":false},"author":2,"featured_media":72775,"comment_status":"closed","ping_status":"open","sticky":false,"template":"","format":"standard","meta":{"_lmt_disableupdate":"","_lmt_disable":"","_jetpack_memberships_contains_paid_content":false,"footnotes":""},"categories":[109,47],"tags":[293,1746],"class_list":["post-89284","post","type-post","status-publish","format-standard","has-post-thumbnail","hentry","category-minuto-a-minuto","category-zona-gris","tag-mexico-evalua","tag-violencia-en-mexico"],"jetpack_featured_media_url":"https:\/\/zonaroja.com.mx\/wp-content\/uploads\/2024\/09\/Violencia-en-Michoacan-quema-de-vehiculos.webp","jetpack_sharing_enabled":true,"_links":{"self":[{"href":"https:\/\/zonaroja.com.mx\/index.php?rest_route=\/wp\/v2\/posts\/89284","targetHints":{"allow":["GET"]}}],"collection":[{"href":"https:\/\/zonaroja.com.mx\/index.php?rest_route=\/wp\/v2\/posts"}],"about":[{"href":"https:\/\/zonaroja.com.mx\/index.php?rest_route=\/wp\/v2\/types\/post"}],"author":[{"embeddable":true,"href":"https:\/\/zonaroja.com.mx\/index.php?rest_route=\/wp\/v2\/users\/2"}],"replies":[{"embeddable":true,"href":"https:\/\/zonaroja.com.mx\/index.php?rest_route=%2Fwp%2Fv2%2Fcomments&post=89284"}],"version-history":[{"count":1,"href":"https:\/\/zonaroja.com.mx\/index.php?rest_route=\/wp\/v2\/posts\/89284\/revisions"}],"predecessor-version":[{"id":89285,"href":"https:\/\/zonaroja.com.mx\/index.php?rest_route=\/wp\/v2\/posts\/89284\/revisions\/89285"}],"wp:featuredmedia":[{"embeddable":true,"href":"https:\/\/zonaroja.com.mx\/index.php?rest_route=\/wp\/v2\/media\/72775"}],"wp:attachment":[{"href":"https:\/\/zonaroja.com.mx\/index.php?rest_route=%2Fwp%2Fv2%2Fmedia&parent=89284"}],"wp:term":[{"taxonomy":"category","embeddable":true,"href":"https:\/\/zonaroja.com.mx\/index.php?rest_route=%2Fwp%2Fv2%2Fcategories&post=89284"},{"taxonomy":"post_tag","embeddable":true,"href":"https:\/\/zonaroja.com.mx\/index.php?rest_route=%2Fwp%2Fv2%2Ftags&post=89284"}],"curies":[{"name":"wp","href":"https:\/\/api.w.org\/{rel}","templated":true}]}}