{"id":8930,"date":"2020-02-18T21:33:22","date_gmt":"2020-02-19T03:33:22","guid":{"rendered":"http:\/\/www.zonaroja.com.mx\/?p=8930"},"modified":"2020-02-18T21:33:25","modified_gmt":"2020-02-19T03:33:25","slug":"rechaza-regino-montes-que-haya-actos-de-corrupcion-en-inpi","status":"publish","type":"post","link":"https:\/\/zonaroja.com.mx\/?p=8930","title":{"rendered":"Rechaza Regino Montes que haya actos de corrupci\u00f3n en INPI"},"content":{"rendered":"\n<p>Redacci\u00f3n\/Zona Roja.<\/p>\n\n\n\n<p>Oaxaca de Ju\u00e1rez, Oax., 18 de febrero\nde 2020.- El titular del Instituto Nacional de los Pueblos Ind\u00edgenas (INPI),\nAdelfo Regino Montes, se deslind\u00f3 de cualquier acto de corrupci\u00f3n en el\norganismo a su cargo, creado a partir de este sexenio federal.<\/p>\n\n\n\n<p>Ante la publicaci\u00f3n de la columna \u201cSe\nacab\u00f3 el sexenio de Alejandro Murat; Adelfo Regino y los se\u00f1alamientos de\ncorrupci\u00f3n\u201d, de este 17 de febrero en ZONA ROJA, el funcionario federal expuso,\nen el ejercicio de su derecho de r\u00e9plica, la forma en la que trabaja la\ndependencia.<\/p>\n\n\n\n<p>En su misiva, dijo que su \u201cactuaci\u00f3n al\nfrente del Instituto Nacional de los Pueblos Ind\u00edgenas (INPI) est\u00e1 apegada a\nlos principios de honestidad, honradez, austeridad y combate a la corrupci\u00f3n,\ntal como nos los ha indicado el Presidente de la Rep\u00fablica, Licenciado Andr\u00e9s\nManuel L\u00f3pez Obrador, cuesti\u00f3n que cumplimos basados en nuestros principios y\nconvicciones (sic)\u201d.<\/p>\n\n\n\n<p>De acuerdo con Regino Montes, los programas\ny acciones a su cargo tienen un nuevo marco de regulaci\u00f3n y operaci\u00f3n, en el\nque se entrega de manera directa los recursos a los pueblos, municipios y\ncomunidades ind\u00edgenas y afromexicanas, para que sean \u00e9stos los que los ejecuten\ndirectamente y sin ning\u00fan tipo de intermediaci\u00f3n.<\/p>\n\n\n\n<p>Los criterios para la asignaci\u00f3n de los\nrecursos, explic\u00f3, se encuentran establecidos en las Reglas de Operaci\u00f3n\ncorrespondientes, lo cual busca disminuir el grado de discrecionalidad en su\ndistribuci\u00f3n y beneficiar de manera real y efectiva a las comunidades m\u00e1s\nnecesitadas.<\/p>\n\n\n\n<p>Esto luego la denuncia expuesta en la\ncolumna, en la que se se\u00f1alan supuestos actos de corrupci\u00f3n por parte de a\nfuncionarios del INPI, como son Donato Vargas Jim\u00e9nez y Jorge Santiago.<\/p>\n\n\n\n<p>Aunque en la columna se exhibi\u00f3 el\ndocumento respecto a una renuncia de Donato Vargas Jim\u00e9nez en el mes de\nseptiembre, el titular del INPI retom\u00f3 el tema y expuso que dicho funcionario\ntrabaj\u00f3 en el Instituto en el a\u00f1o 2019, pero se separ\u00f3 de su cargo el d\u00eda 30 de\nseptiembre del mismo a\u00f1o, por renuncia voluntaria; \u201cpor lo cual, no acepto su\nse\u00f1alamiento, toda vez que dicha persona no labor\u00f3 en esta Instituci\u00f3n en el\nmomento del supuesto acto a que hace referencia\u201d dijo.<\/p>\n\n\n\n<p>Regino Montes agreg\u00f3 que respecto a la\ndenuncia p\u00fablica que realiz\u00f3 la diputada Margarita Garc\u00eda, del Partido del\nTrabajo, en contra de Luz Irene del Carmen Montes Lara, servidora p\u00fablica del\nCentro Coordinador de Pueblos Ind\u00edgenas con sede en Asunci\u00f3n Nochixtl\u00e1n,\nOaxaca, los recursos p\u00fablicos del Programa de Caminos Pavimentados a Caminos\nRurales se transfieren directamente a los municipios ind\u00edgenas, sin ning\u00fan tipo\nde intermediaci\u00f3n y ning\u00fan servidor p\u00fablico est\u00e1 autorizado para pedir\ncompensaci\u00f3n o retribuci\u00f3n alguna.<\/p>\n\n\n\n<p>En su r\u00e9plica, el funcionario oaxaque\u00f1o reiter\u00f3 que \u201cse encuentra comprometido con sus labores institucionales con el \u00fanico objetivo de aportar, en cumplimiento de las atribuciones y funciones establecidas en la Ley del Instituto Nacional de los Pueblos Ind\u00edgenas, al reconocimiento, respeto e implementaci\u00f3n de los derechos de los pueblos ind\u00edgenas y afromexicano, sin que motive mi actuaci\u00f3n alg\u00fan otro objetivo personal, menos a\u00fan alguna cuesti\u00f3n pol\u00edtica o electoral\u201d.<\/p>\n\n\n\n<p>En la columna publicada el pasado lunes, se precis\u00f3 que Regino Montes  se deslindaba de los se\u00f1alamientos y se difundi\u00f3 tambi\u00e9n la carta de renuncia de Donato Vargas, a quien se se\u00f1ala de presuntamente haber recibido el dinero por parte de una empresa constructora.<\/p>\n","protected":false},"excerpt":{"rendered":"<p>Redacci\u00f3n\/Zona Roja. Oaxaca de Ju\u00e1rez, Oax., 18 de febrero de 2020.- El titular del Instituto&hellip;<\/p>\n","protected":false},"author":2,"featured_media":8931,"comment_status":"closed","ping_status":"open","sticky":false,"template":"","format":"standard","meta":{"_lmt_disableupdate":"","_lmt_disable":"","_jetpack_memberships_contains_paid_content":false,"footnotes":""},"categories":[109,47],"tags":[557,558],"class_list":["post-8930","post","type-post","status-publish","format-standard","has-post-thumbnail","hentry","category-minuto-a-minuto","category-zona-gris","tag-adelfo-regino-montes","tag-instituto-nacional-de-pueblos-indigenas"],"jetpack_featured_media_url":"https:\/\/zonaroja.com.mx\/wp-content\/uploads\/2020\/02\/Adelfo-Regino.jpg","jetpack_sharing_enabled":true,"_links":{"self":[{"href":"https:\/\/zonaroja.com.mx\/index.php?rest_route=\/wp\/v2\/posts\/8930","targetHints":{"allow":["GET"]}}],"collection":[{"href":"https:\/\/zonaroja.com.mx\/index.php?rest_route=\/wp\/v2\/posts"}],"about":[{"href":"https:\/\/zonaroja.com.mx\/index.php?rest_route=\/wp\/v2\/types\/post"}],"author":[{"embeddable":true,"href":"https:\/\/zonaroja.com.mx\/index.php?rest_route=\/wp\/v2\/users\/2"}],"replies":[{"embeddable":true,"href":"https:\/\/zonaroja.com.mx\/index.php?rest_route=%2Fwp%2Fv2%2Fcomments&post=8930"}],"version-history":[{"count":1,"href":"https:\/\/zonaroja.com.mx\/index.php?rest_route=\/wp\/v2\/posts\/8930\/revisions"}],"predecessor-version":[{"id":8932,"href":"https:\/\/zonaroja.com.mx\/index.php?rest_route=\/wp\/v2\/posts\/8930\/revisions\/8932"}],"wp:featuredmedia":[{"embeddable":true,"href":"https:\/\/zonaroja.com.mx\/index.php?rest_route=\/wp\/v2\/media\/8931"}],"wp:attachment":[{"href":"https:\/\/zonaroja.com.mx\/index.php?rest_route=%2Fwp%2Fv2%2Fmedia&parent=8930"}],"wp:term":[{"taxonomy":"category","embeddable":true,"href":"https:\/\/zonaroja.com.mx\/index.php?rest_route=%2Fwp%2Fv2%2Fcategories&post=8930"},{"taxonomy":"post_tag","embeddable":true,"href":"https:\/\/zonaroja.com.mx\/index.php?rest_route=%2Fwp%2Fv2%2Ftags&post=8930"}],"curies":[{"name":"wp","href":"https:\/\/api.w.org\/{rel}","templated":true}]}}