{"id":89305,"date":"2026-01-21T12:00:00","date_gmt":"2026-01-21T18:00:00","guid":{"rendered":"https:\/\/zonaroja.com.mx\/?p=89305"},"modified":"2026-01-21T07:41:59","modified_gmt":"2026-01-21T13:41:59","slug":"agredio-a-balazos-a-elementos-de-la-aei-al-oponerse-a-detencion","status":"publish","type":"post","link":"https:\/\/zonaroja.com.mx\/?p=89305","title":{"rendered":"Agredi\u00f3 a balazos a elementos de la AEI, al oponerse a detenci\u00f3n\u00a0"},"content":{"rendered":"\n<p>Redacci\u00f3n\/Zona Roja.&nbsp;<\/p>\n\n\n\n<p>Oaxaca, Oax., a 21 de enero de 2026.- La Fiscal\u00eda General del Estado de Oaxaca (FGEO) logr\u00f3 la detenci\u00f3n de una persona del sexo masculino, identificada como B. R. G., por los delitos de violencia familiar, resistencia de particulares y delitos contra la salud.<\/p>\n\n\n\n<p>De acuerdo con la investigaci\u00f3n ministerial, personal adscrito a la Comandancia de Ejutla de Crespo, perteneciente al Sector Ocotl\u00e1n se aproxim\u00f3 en un domicilio ubicado sobre el camino que conduce de \u00abEl Vado\u00bb a San Sebasti\u00e1n de las Grutas, para realizar una diligencia de inspecci\u00f3n derivado de investigaciones en torno al delito de violencia familiar.<\/p>\n\n\n\n<p>La investigaci\u00f3n detalla que, al arribar al inmueble, el ahora detenido, quien figura como implicado en el caso de violencia familiar, sali\u00f3 y encar\u00f3 a elementos de la Agencia Estatal de Investigaciones (AEI), primero con insultos, luego accion\u00f3 un arma de fuego de fabricaci\u00f3n artesanal (hechiza) en contra de los elementos policiales, sin que se reportaran heridos.<\/p>\n\n\n\n<p>Derivado de estos hechos, los agentes ministeriales aplicaron los protocolos de seguridad para someter al individuo y controlar la situaci\u00f3n, al realizar una revisi\u00f3n legal aseguraron droga sint\u00e9tica conocida como cristal, por lo que fue detenido y puesto a disposici\u00f3n de la Vicefiscal\u00eda Regional de Valles Centrales para su certificaci\u00f3n y proceso legal correspondiente.<\/p>\n\n\n\n<p>NARCOMENUDISTA DETENIDO<\/p>\n\n\n\n<p>En otro caso, la Fiscal\u00eda General ejecut\u00f3 una orden de aprehensi\u00f3n que permiti\u00f3 la detenci\u00f3n de una persona del sexo masculino identificada como L.F.L.L., por el delito Contra la Salud en su modalidad de Narcomenudeo, en su hip\u00f3tesis de posesi\u00f3n con fines de suministro o comercializaci\u00f3n de marihuana, coca\u00edna o cristal que operaba en la regi\u00f3n del Istmo.<\/p>\n\n\n\n<p>De acuerdo con el expediente penal del caso, los hechos que originaron la investigaci\u00f3n ocurrieron en el municipio de Salina Cruz.<\/p>\n\n\n\n<p>La investigaci\u00f3n refiere que en esa fecha, el hoy detenido fue interceptado por elementos de la Polic\u00eda Municipal en la colonia Juquilita luego del reporte de su ingreso a un domicilio.<\/p>\n\n\n\n<p>Al ser inspeccionado, los agentes policiales aseguraron entre sus pertenencias diversas dosis de estupefacientes, entre ellos sobres y bolsas de droga conocida como marihuana, as\u00ed como coca\u00edna y cristal.<\/p>\n\n\n\n<p>Derivado del seguimiento de las investigaciones por parte de la Agencia Estatal de Investigaciones (AEI) de la Vicefiscal\u00eda Regional del Istmo, el detenido fue presentado ante la autoridad judicial correspondiente para que se determine su situaci\u00f3n jur\u00eddica.<\/p>\n\n\n\n<p>VINCULADO A PROCESO<\/p>\n\n\n\n<p>Por otra parte, la instituci\u00f3n obtuvo la vinculaci\u00f3n a proceso por el delito de homicidio calificado con ventaja en contra de una persona del sexo masculino identificado como J.C.M.S., por hechos ocurridos en Pinotepa Nacional en la regi\u00f3n de la Costa.<\/p>\n\n\n\n<p>De acuerdo con el expediente penal, los hechos ocurrieron el 29 de marzo de 2024, cuando las v\u00edctimas -dos hombres uno de ellos identificado como U.S.B. y el otro F.J.H.- se encontraban a la entrada de la poblaci\u00f3n denominada como Rancho Santiago en Santiago Pinotepa Nacional, cuando fueron agredidas a golpes con un bate de b\u00e9isbol para posteriormente ser arrollados con un veh\u00edculo, lo que ocasion\u00f3 lesiones a consecuencia de las cuales perdieron la vida.<\/p>\n\n\n\n<p>Tras tener conocimiento de estos hechos, la FGEO a trav\u00e9s de la Vicefiscal\u00eda Regional de la Costa inici\u00f3 las primeras indagatorias, lo que permiti\u00f3 obtener y ejecutar la orden de aprehensi\u00f3n en contra de J.C.M.S. por el delito de homicidio calificado con ventaja.<\/p>\n\n\n\n<p>Derivado de las pruebas presentadas por la Fiscal\u00eda de Oaxaca, el Juez de la causa determin\u00f3 vincular a proceso a J.C.M.S., e impuso la medida de prisi\u00f3n preventiva justificada, adem\u00e1s de otorgar dos meses para el cierre de la investigaci\u00f3n.<\/p>\n","protected":false},"excerpt":{"rendered":"<p>Redacci\u00f3n\/Zona Roja.&nbsp; Oaxaca, Oax., a 21 de enero de 2026.- La Fiscal\u00eda General del Estado&hellip;<\/p>\n","protected":false},"author":2,"featured_media":89306,"comment_status":"closed","ping_status":"open","sticky":false,"template":"","format":"standard","meta":{"_lmt_disableupdate":"","_lmt_disable":"","_jetpack_memberships_contains_paid_content":false,"footnotes":""},"categories":[109,46],"tags":[494],"class_list":["post-89305","post","type-post","status-publish","format-standard","has-post-thumbnail","hentry","category-minuto-a-minuto","category-zona-blanca","tag-fiscalia-general-del-estado-de-oaxaca"],"jetpack_featured_media_url":"https:\/\/zonaroja.com.mx\/wp-content\/uploads\/2026\/01\/WhatsApp-Image-2026-01-20-at-9.39.21-AM.jpeg","jetpack_sharing_enabled":true,"_links":{"self":[{"href":"https:\/\/zonaroja.com.mx\/index.php?rest_route=\/wp\/v2\/posts\/89305","targetHints":{"allow":["GET"]}}],"collection":[{"href":"https:\/\/zonaroja.com.mx\/index.php?rest_route=\/wp\/v2\/posts"}],"about":[{"href":"https:\/\/zonaroja.com.mx\/index.php?rest_route=\/wp\/v2\/types\/post"}],"author":[{"embeddable":true,"href":"https:\/\/zonaroja.com.mx\/index.php?rest_route=\/wp\/v2\/users\/2"}],"replies":[{"embeddable":true,"href":"https:\/\/zonaroja.com.mx\/index.php?rest_route=%2Fwp%2Fv2%2Fcomments&post=89305"}],"version-history":[{"count":1,"href":"https:\/\/zonaroja.com.mx\/index.php?rest_route=\/wp\/v2\/posts\/89305\/revisions"}],"predecessor-version":[{"id":89307,"href":"https:\/\/zonaroja.com.mx\/index.php?rest_route=\/wp\/v2\/posts\/89305\/revisions\/89307"}],"wp:featuredmedia":[{"embeddable":true,"href":"https:\/\/zonaroja.com.mx\/index.php?rest_route=\/wp\/v2\/media\/89306"}],"wp:attachment":[{"href":"https:\/\/zonaroja.com.mx\/index.php?rest_route=%2Fwp%2Fv2%2Fmedia&parent=89305"}],"wp:term":[{"taxonomy":"category","embeddable":true,"href":"https:\/\/zonaroja.com.mx\/index.php?rest_route=%2Fwp%2Fv2%2Fcategories&post=89305"},{"taxonomy":"post_tag","embeddable":true,"href":"https:\/\/zonaroja.com.mx\/index.php?rest_route=%2Fwp%2Fv2%2Ftags&post=89305"}],"curies":[{"name":"wp","href":"https:\/\/api.w.org\/{rel}","templated":true}]}}