{"id":89311,"date":"2026-01-21T14:00:00","date_gmt":"2026-01-21T20:00:00","guid":{"rendered":"https:\/\/zonaroja.com.mx\/?p=89311"},"modified":"2026-01-21T08:11:44","modified_gmt":"2026-01-21T14:11:44","slug":"promete-ue-respuesta-firme-y-proporcionada-a-amenazas-de-trump","status":"publish","type":"post","link":"https:\/\/zonaroja.com.mx\/?p=89311","title":{"rendered":"Promete UE respuesta firme y proporcionada a amenazas de Trump"},"content":{"rendered":"\n<p>Redacci\u00f3n\/Zona Roja Cdmx.<\/p>\n\n\n\n<p>(Informaci\u00f3n de \u201cLa Jornada\u201d)<\/p>\n\n\n\n<p>Ciudad de M\u00e9xico, a 21 de enero de 2026.- La Uni\u00f3n Europea (UE) prometi\u00f3 ayer una respuesta \u201cfirme\u201d a las agresiones de Estados Unidos y a las amenazas de su presidente, Donald Trump, de imponer fuertes aranceles a los pa\u00edses de la regi\u00f3n que se oponen a que tome el control de Groenlandia; el mandatario franc\u00e9s, Emmanuel Macron, afirm\u00f3 que la alianza no ceder\u00e1 ante los \u201cmatones\u201d ni se dejar\u00e1 intimidar.<\/p>\n\n\n\n<p>\u201cLos aranceles propuestos son un error, especialmente entre aliados de larga data\u201d, expres\u00f3 la presidenta de la Comisi\u00f3n Europea, \u00darsula Von der Leyen, sobre el impuesto de importaci\u00f3n de 10 por ciento a los productos de ocho naciones de la regi\u00f3n, todas integrantes de la Organizaci\u00f3n del Tratado del Atl\u00e1ntico Norte (OTAN), que rechazan que Estados Unidos se apropie de Groenlandia.<\/p>\n\n\n\n<p>Von der Leyen advirti\u00f3 que la respuesta europea ser\u00e1 \u201cfirme, unida y proporcionada\u201d, mientras l\u00edderes de la OTAN se\u00f1alaron que la agresividad de Trump hacia la isla \u00e1rtica pone en riesgo la alianza con Washington, inform\u00f3 Ap.<\/p>\n\n\n\n<p>La \u201cacumulaci\u00f3n interminable\u201d de nuevos aranceles por parte de Estados Unidos es \u201cfundamentalmente inaceptable (\u2026) m\u00e1s a\u00fan cuando se utilizan como palanca contra la soberan\u00eda territorial\u201d, sostuvo Macron en el Foro Econ\u00f3mico Mundial de Davos, donde llev\u00f3 lente de sol durante su discurso para \u201cproteger sus ojos\u201d, debido a la rotura de un vaso sangu\u00edneo, explic\u00f3.<\/p>\n\n\n\n<p>\u201cPreferimos respeto en lugar de matones (\u2026) y el estado de derecho a la brutalidad\u201d, enfatiz\u00f3 el l\u00edder franc\u00e9s al a\u00f1adir que ni su pa\u00eds ni Europa aceptar\u00e1n \u201cde forma pasiva la ley del m\u00e1s fuerte\u201d, y en cambio defender\u00e1n la soberan\u00eda territorial y el estado de derecho, frente a lo que denomin\u00f3 \u201cun giro hacia un mundo sin reglas\u201d.<\/p>\n\n\n\n<p>Macron resalt\u00f3 que el bloque cuenta con herramientas \u201cmuy poderosas\u201d a las que puede recurrir cuando \u201cno se le respeta\u201d y mencion\u00f3 la posibilidad de utilizar \u201cpor primera vez\u201d contra Estados Unidos su mecanismo \u201canticoerci\u00f3n\u201d, conocido como la \u201cbazuca comercial\u201d.<\/p>\n\n\n\n<p>\u201cEs un instrumento poderoso y no deber\u00edamos dudar en desplegarlo en el entorno dif\u00edcil de hoy\u201d, hizo \u00e9nfasis el mandatario franc\u00e9s. Previno sobre el resurgimiento de \u201cambiciones imperiales\u201d y plante\u00f3 que el sistema multilateral \u201cse ve debilitado por potencias que lo obstaculizan o se apartan de \u00e9l\u201d.<\/p>\n\n\n\n<p>El primer ministro de Canad\u00e1, Mark Carney, remarc\u00f3 que las instituciones multilaterales, incluida Naciones Unidas, que buscan resolver problemas colectivos, \u201cest\u00e1n siendo amenazadas\u201d por Estados Unidos que usa la integraci\u00f3n econ\u00f3mica como arma.<\/p>\n\n\n\n<p>Carney conden\u00f3 en Davos los nuevos aranceles anunciados por Washington y remarc\u00f3 su apoyo a Copenhague: \u201cEstamos firmemente con Groenlandia y Dinamarca, apoyamos plenamente su derecho exclusivo a determinar el futuro de la isla\u201d.<\/p>\n\n\n\n<p>Trump amenaz\u00f3 tambi\u00e9n con presionar a Francia para que participe en la junta de paz para Gaza, luego de que fuentes del El\u00edseo indicaron que Par\u00eds podr\u00eda declinar la invitaci\u00f3n para integrar esta instancia que supervisar\u00e1 la posguerra en el enclave palestino.<\/p>\n\n\n\n<p>\u201cPondr\u00e9 aranceles de 200 por ciento a sus vinos y champanes y se unir\u00e1\u201d, advirti\u00f3 Trump.<\/p>\n\n\n\n<p>En respuesta, fuentes del equipo de Macron se\u00f1alaron que Par\u00eds \u201ctoma nota\u201d de las palabras del magnate. \u201cComo siempre hemos recalcado, las amenazas arancelarias para influir en nuestra pol\u00edtica exterior son inaceptables e ineficaces\u201d, destacaron.<\/p>\n\n\n\n<p>Aver\u00eda en avi\u00f3n del magnate<\/p>\n\n\n\n<p>Al cierre de esta edici\u00f3n, el avi\u00f3n en el que viajaba Trump se vio obligado a regresar anoche a la base conjunta Andrews, debido a un \u201cproblema el\u00e9ctrico menor\u201d poco despu\u00e9s de partir hacia Suiza, inform\u00f3 la Casa Blanca.<\/p>\n\n\n\n<p>El Air Force One regres\u00f3 por precauci\u00f3n, se\u00f1al\u00f3 la secretaria de Prensa, Karoline Leavitt.<\/p>\n\n\n\n<p>M\u00e1s tarde, el presidente parti\u00f3 en otra aeronave para asistir al Foro Econ\u00f3mico Mundial en Davos.<\/p>\n","protected":false},"excerpt":{"rendered":"<p>Redacci\u00f3n\/Zona Roja Cdmx. (Informaci\u00f3n de \u201cLa Jornada\u201d) Ciudad de M\u00e9xico, a 21 de enero de&hellip;<\/p>\n","protected":false},"author":2,"featured_media":89312,"comment_status":"closed","ping_status":"open","sticky":false,"template":"","format":"standard","meta":{"_lmt_disableupdate":"","_lmt_disable":"","_jetpack_memberships_contains_paid_content":false,"footnotes":""},"categories":[109,47],"tags":[3489],"class_list":["post-89311","post","type-post","status-publish","format-standard","has-post-thumbnail","hentry","category-minuto-a-minuto","category-zona-gris","tag-union-europea"],"jetpack_featured_media_url":"https:\/\/zonaroja.com.mx\/wp-content\/uploads\/2026\/01\/Union-Europea.jpg","jetpack_sharing_enabled":true,"_links":{"self":[{"href":"https:\/\/zonaroja.com.mx\/index.php?rest_route=\/wp\/v2\/posts\/89311","targetHints":{"allow":["GET"]}}],"collection":[{"href":"https:\/\/zonaroja.com.mx\/index.php?rest_route=\/wp\/v2\/posts"}],"about":[{"href":"https:\/\/zonaroja.com.mx\/index.php?rest_route=\/wp\/v2\/types\/post"}],"author":[{"embeddable":true,"href":"https:\/\/zonaroja.com.mx\/index.php?rest_route=\/wp\/v2\/users\/2"}],"replies":[{"embeddable":true,"href":"https:\/\/zonaroja.com.mx\/index.php?rest_route=%2Fwp%2Fv2%2Fcomments&post=89311"}],"version-history":[{"count":1,"href":"https:\/\/zonaroja.com.mx\/index.php?rest_route=\/wp\/v2\/posts\/89311\/revisions"}],"predecessor-version":[{"id":89313,"href":"https:\/\/zonaroja.com.mx\/index.php?rest_route=\/wp\/v2\/posts\/89311\/revisions\/89313"}],"wp:featuredmedia":[{"embeddable":true,"href":"https:\/\/zonaroja.com.mx\/index.php?rest_route=\/wp\/v2\/media\/89312"}],"wp:attachment":[{"href":"https:\/\/zonaroja.com.mx\/index.php?rest_route=%2Fwp%2Fv2%2Fmedia&parent=89311"}],"wp:term":[{"taxonomy":"category","embeddable":true,"href":"https:\/\/zonaroja.com.mx\/index.php?rest_route=%2Fwp%2Fv2%2Fcategories&post=89311"},{"taxonomy":"post_tag","embeddable":true,"href":"https:\/\/zonaroja.com.mx\/index.php?rest_route=%2Fwp%2Fv2%2Ftags&post=89311"}],"curies":[{"name":"wp","href":"https:\/\/api.w.org\/{rel}","templated":true}]}}