{"id":89322,"date":"2026-01-21T20:17:51","date_gmt":"2026-01-22T02:17:51","guid":{"rendered":"https:\/\/zonaroja.com.mx\/?p=89322"},"modified":"2026-01-21T20:17:53","modified_gmt":"2026-01-22T02:17:53","slug":"cumple-dos-meses-bloqueo-de-tlalixtac-hacia-huayapam-y-nadie-mueve-un-dedo","status":"publish","type":"post","link":"https:\/\/zonaroja.com.mx\/?p=89322","title":{"rendered":"Cumple dos meses bloqueo de Tlalixtac hacia Huay\u00e1pam\u2026 y nadie mueve un dedo"},"content":{"rendered":"\n<p>Lisbeth Mej\u00eda Reyes\/Zona Roja.<\/p>\n\n\n\n<p>Oaxaca, Oax., a 21 de enero de 2026.- El bloqueo instalado por el municipio de Tlalixtac de Cabrera en el acceso del municipio vecino de San Andr\u00e9s Huay\u00e1pam cumpli\u00f3 dos meses sin que la Secretar\u00eda de Gobierno del estado de Oaxaca cumpla su compromiso de reubicar el centro de gesti\u00f3n integral de residuos de Huay\u00e1pam.<\/p>\n\n\n\n<p>Hasta este mi\u00e9rcoles se manten\u00edan los mont\u00edculos de tierra con los que habitantes de Tlalixtac cerraron el paso hacia Huay\u00e1pam desde el 19 de noviembre, a la altura del letrero de bienvenida, para exigir la reubicaci\u00f3n del centro de gesti\u00f3n, algo a lo que ya se hab\u00eda comprometido el gobierno estatal en 2024 y a lo cual hab\u00eda accedido Huay\u00e1pam.&nbsp;<\/p>\n\n\n\n<p>Por este bloqueo, los habitantes de Huay\u00e1pam han tenido que emplear la ruta alterna por el Pante\u00f3n Jard\u00edn.<\/p>\n\n\n\n<p>Huay\u00e1pam tuvo relevo de autoridades municipales el 1 de enero quedando como nuevo presidente Silverio Luis Hern\u00e1ndez Santiago. Sin embargo, la problem\u00e1tica persiste y tampoco ha vuelto a ser abordada por la Secretar\u00eda de Gobierno, que en las primeras semanas del conflicto se limit\u00f3 a aclarar que el centro integral de gesti\u00f3n no representa problemas ambientales para la comunidad vecina de Tlalixtac.<\/p>\n\n\n\n<p>En su momento, el entonces presidente municipal de Huay\u00e1pam, Abel Maclovio Pacheco Garc\u00eda, explic\u00f3 que el centro de gesti\u00f3n (localizado al norte) no se estaba usando desde el 2024 y que aunque se utilizara no implica riesgos, pues cumple con la normatividad ambiental.<\/p>\n\n\n\n<p>El ex edil tambi\u00e9n inform\u00f3 que debido a la problem\u00e1tica el ayuntamiento ha manejado sus residuos en el centro de acopio, compactaci\u00f3n y transferencia de la misma comunidad, al sur, pero lejos de los l\u00edmites con Tlalixtac.<\/p>\n\n\n\n<p>A\u00fan as\u00ed, durante su gesti\u00f3n llam\u00f3 en m\u00faltiples ocasiones al gobierno estatal a cumplir su compromiso de reubicar el centro integral de gesti\u00f3n de residuos en el nuevo predio, como se hab\u00eda comprometido en 2024. Tambi\u00e9n para que dialogara con Tlalixtac y este municipio retire el bloqueo a la comunidad, pues afecta el derecho al libre tr\u00e1nsito y el ingreso de estudiantes de Tlalixtac que acuden a la secundaria en Huay\u00e1pam.<\/p>\n\n\n\n<p>De acuerdo con la anterior administraci\u00f3n municipal de Huay\u00e1pam, en la comunidad se recolectan a la semana entre 5 y 6 toneladas de desechos. El 99 por ciento de los residuos se env\u00eda a la cementera Cruz Azul, en Lagunas.&nbsp;<\/p>\n\n\n\n<p>El uno por ciento restante se lleva al centro de transferencia temporal de Santa Cruz Xoxocotl\u00e1n.<\/p>\n","protected":false},"excerpt":{"rendered":"<p>Lisbeth Mej\u00eda Reyes\/Zona Roja. Oaxaca, Oax., a 21 de enero de 2026.- El bloqueo instalado&hellip;<\/p>\n","protected":false},"author":2,"featured_media":89319,"comment_status":"closed","ping_status":"open","sticky":false,"template":"","format":"standard","meta":{"_lmt_disableupdate":"","_lmt_disable":"","_jetpack_memberships_contains_paid_content":false,"footnotes":""},"categories":[109,47],"tags":[1909],"class_list":["post-89322","post","type-post","status-publish","format-standard","has-post-thumbnail","hentry","category-minuto-a-minuto","category-zona-gris","tag-san-andres-huayapam"],"jetpack_featured_media_url":"https:\/\/zonaroja.com.mx\/wp-content\/uploads\/2026\/01\/Bloqueo-a-Huayapam-por-parte-de-Tlalixtac.jpg","jetpack_sharing_enabled":true,"_links":{"self":[{"href":"https:\/\/zonaroja.com.mx\/index.php?rest_route=\/wp\/v2\/posts\/89322","targetHints":{"allow":["GET"]}}],"collection":[{"href":"https:\/\/zonaroja.com.mx\/index.php?rest_route=\/wp\/v2\/posts"}],"about":[{"href":"https:\/\/zonaroja.com.mx\/index.php?rest_route=\/wp\/v2\/types\/post"}],"author":[{"embeddable":true,"href":"https:\/\/zonaroja.com.mx\/index.php?rest_route=\/wp\/v2\/users\/2"}],"replies":[{"embeddable":true,"href":"https:\/\/zonaroja.com.mx\/index.php?rest_route=%2Fwp%2Fv2%2Fcomments&post=89322"}],"version-history":[{"count":1,"href":"https:\/\/zonaroja.com.mx\/index.php?rest_route=\/wp\/v2\/posts\/89322\/revisions"}],"predecessor-version":[{"id":89323,"href":"https:\/\/zonaroja.com.mx\/index.php?rest_route=\/wp\/v2\/posts\/89322\/revisions\/89323"}],"wp:featuredmedia":[{"embeddable":true,"href":"https:\/\/zonaroja.com.mx\/index.php?rest_route=\/wp\/v2\/media\/89319"}],"wp:attachment":[{"href":"https:\/\/zonaroja.com.mx\/index.php?rest_route=%2Fwp%2Fv2%2Fmedia&parent=89322"}],"wp:term":[{"taxonomy":"category","embeddable":true,"href":"https:\/\/zonaroja.com.mx\/index.php?rest_route=%2Fwp%2Fv2%2Fcategories&post=89322"},{"taxonomy":"post_tag","embeddable":true,"href":"https:\/\/zonaroja.com.mx\/index.php?rest_route=%2Fwp%2Fv2%2Ftags&post=89322"}],"curies":[{"name":"wp","href":"https:\/\/api.w.org\/{rel}","templated":true}]}}