{"id":8933,"date":"2020-02-18T22:19:50","date_gmt":"2020-02-19T04:19:50","guid":{"rendered":"http:\/\/www.zonaroja.com.mx\/?p=8933"},"modified":"2020-02-18T22:19:52","modified_gmt":"2020-02-19T04:19:52","slug":"denuncian-enfermeras-de-salina-cruz-hostigamiento-en-hospital-de-especialidades","status":"publish","type":"post","link":"https:\/\/zonaroja.com.mx\/?p=8933","title":{"rendered":"Denuncian enfermeras de Salina Cruz hostigamiento en Hospital de Especialidades"},"content":{"rendered":"\n<p>Evlin Arag\u00f3n\/Zona Roja.<\/p>\n\n\n\n<p>Oaxaca de Ju\u00e1rez, Oax., 18 de febrero\nde 2020.- Personal de enfermer\u00eda del Hospital de Especialidades de Salina Cruz,\ndenunci\u00f3 actos de acoso laboral y abuso de poder por parte del director de\nnosocomio, Jes\u00fas Alejandro Ram\u00edrez Figueroa, causando el descontento e\ninconformidad de las trabajadoras por lo que solicitaron la intervenci\u00f3n de las\nautoridades estatales. <\/p>\n\n\n\n<p>En un documento dirigido al gobernador\nAlejandro Murat Hinojosa; al secretario de de Salud, Donato Casas Escamilla, y\na la directora estatal de enfermer\u00eda, Virginia S\u00e1nchez R\u00edos, las afectadas explicaron\nque el pasado 14 de febrero -en un acto que calificaron de abuso de poder- el\ndirector del nosocomio despidi\u00f3 a la jefa de enfermeras Claudia Hern\u00e1ndez\nSalinas, pese a su buen desempe\u00f1o.<\/p>\n\n\n\n<p>\u201cEsta decisi\u00f3n la tom\u00f3 de forma\npersonal y arbitraria afectando el buen funcionamiento que viene realizando la\njefa de enfermeras en nuestra unidad ya que ven\u00eda haciendo modificaciones en\nbeneficio de la prestaci\u00f3n del servicio y atenci\u00f3n al paciente\u201d, se\u00f1alan en el\ndocumento difundido ante los medios de comunicaci\u00f3n. <\/p>\n\n\n\n<p>El grupo inconforme asegur\u00f3 que\naprovech\u00e1ndose del cargo y coludido con algunas otras trabajadoras, Ram\u00edrez\nFigueroa inicio una campa\u00f1a de hostigamiento laboral en contra de la jefa de\nenfermeras, en la que incluso su condici\u00f3n de g\u00e9nero fue cuestionada, al punto\nde lograr su destituci\u00f3n y con ello la inconformidad del personal. <\/p>\n\n\n\n<p>Denunciaron que el director es ajeno a\nlas diferentes problem\u00e1ticas del nosocomio ya que solo se presenta dos horas al\nd\u00eda dejando a la derivada la administraci\u00f3n del centro m\u00e9dico en la que ya se\nregistran casos de robo de material y equipo electr\u00f3nico. <\/p>\n\n\n\n<p>\u201cHacemos de su conocimiento de las\ncosas que suceden en nuestra unidad, vienen sucediendo robos frecuentes de\nmaterial y equipo electr\u00f3nico y nunca ha hecho nada por aclarar estos sucesos,\nadem\u00e1s se ha quedado el personal becario y pacientes sin alimentos ante la\nfalta de recursos\u201d, indicaron. <\/p>\n\n\n\n<p>Reconocieron la labor de Claudia\nHern\u00e1ndez Salinas al frente del \u00e1rea de enfermer\u00eda, quien ponder\u00f3 los procesos\nde capacitaci\u00f3n del personal para el mejor funcionamiento del centro m\u00e9dico,\nas\u00ed mismo su liderazgo ya que pod\u00eda resolver problemas generados ante la\nausencia del titular del nosocomio. <\/p>\n\n\n\n<p>Por lo anterior, desde ayer se\napoderaron de las instalaciones administrativas del hospital, a fin de exigir\nla salida inmediata del director Jes\u00fas Alejandro Ram\u00edrez Figueroa y denunciar\nel hostigamiento laboral al que someti\u00f3 a su compa\u00f1era, mismo que la oblig\u00f3 a\nrenunciar ello con el aval de los delegados sindicales que en ning\u00fan momento\nconsultaron a la base. <\/p>\n\n\n\n<p>\u201cNuestra denuncia principal es el\nhostigamiento laboral en contra de nuestra compa\u00f1era, adem\u00e1s denunciamos los\nsaqueos de los que ha sido objeto nuestro hospital\u201d, concluyeron. <\/p>\n","protected":false},"excerpt":{"rendered":"<p>Evlin Arag\u00f3n\/Zona Roja. Oaxaca de Ju\u00e1rez, Oax., 18 de febrero de 2020.- Personal de enfermer\u00eda&hellip;<\/p>\n","protected":false},"author":2,"featured_media":8934,"comment_status":"closed","ping_status":"open","sticky":false,"template":"","format":"standard","meta":{"_lmt_disableupdate":"","_lmt_disable":"","_jetpack_memberships_contains_paid_content":false,"footnotes":""},"categories":[109,47],"tags":[1393],"class_list":["post-8933","post","type-post","status-publish","format-standard","has-post-thumbnail","hentry","category-minuto-a-minuto","category-zona-gris","tag-hospital-de-especialidades-de-salina-cruz"],"jetpack_featured_media_url":"https:\/\/zonaroja.com.mx\/wp-content\/uploads\/2020\/02\/Hospital-Salina-Cruz.jpg","jetpack_sharing_enabled":true,"_links":{"self":[{"href":"https:\/\/zonaroja.com.mx\/index.php?rest_route=\/wp\/v2\/posts\/8933","targetHints":{"allow":["GET"]}}],"collection":[{"href":"https:\/\/zonaroja.com.mx\/index.php?rest_route=\/wp\/v2\/posts"}],"about":[{"href":"https:\/\/zonaroja.com.mx\/index.php?rest_route=\/wp\/v2\/types\/post"}],"author":[{"embeddable":true,"href":"https:\/\/zonaroja.com.mx\/index.php?rest_route=\/wp\/v2\/users\/2"}],"replies":[{"embeddable":true,"href":"https:\/\/zonaroja.com.mx\/index.php?rest_route=%2Fwp%2Fv2%2Fcomments&post=8933"}],"version-history":[{"count":1,"href":"https:\/\/zonaroja.com.mx\/index.php?rest_route=\/wp\/v2\/posts\/8933\/revisions"}],"predecessor-version":[{"id":8935,"href":"https:\/\/zonaroja.com.mx\/index.php?rest_route=\/wp\/v2\/posts\/8933\/revisions\/8935"}],"wp:featuredmedia":[{"embeddable":true,"href":"https:\/\/zonaroja.com.mx\/index.php?rest_route=\/wp\/v2\/media\/8934"}],"wp:attachment":[{"href":"https:\/\/zonaroja.com.mx\/index.php?rest_route=%2Fwp%2Fv2%2Fmedia&parent=8933"}],"wp:term":[{"taxonomy":"category","embeddable":true,"href":"https:\/\/zonaroja.com.mx\/index.php?rest_route=%2Fwp%2Fv2%2Fcategories&post=8933"},{"taxonomy":"post_tag","embeddable":true,"href":"https:\/\/zonaroja.com.mx\/index.php?rest_route=%2Fwp%2Fv2%2Ftags&post=8933"}],"curies":[{"name":"wp","href":"https:\/\/api.w.org\/{rel}","templated":true}]}}