{"id":89332,"date":"2026-01-22T09:15:00","date_gmt":"2026-01-22T15:15:00","guid":{"rendered":"https:\/\/zonaroja.com.mx\/?p=89332"},"modified":"2026-01-22T07:52:02","modified_gmt":"2026-01-22T13:52:02","slug":"comerciantes-demandan-mas-seguridad-coordinan-acciones-con-la-policia","status":"publish","type":"post","link":"https:\/\/zonaroja.com.mx\/?p=89332","title":{"rendered":"Comerciantes demandan m\u00e1s seguridad; coordinan acciones con la polic\u00eda"},"content":{"rendered":"\n<p>Lisbeth Mej\u00eda Reyes\/Zona Roja. Foto: Cortes\u00eda.<\/p>\n\n\n\n<p>Oaxaca, Oax., a 22 de enero de 2026.-A una semana del homicidio de una comerciante tras un asalto a su boutique, el Observatorio Ciudadano Oaxaque\u00f1o se manifest\u00f3 este mi\u00e9rcoles para exigir a las autoridades garantizar la seguridad de la capital del estado. Tambi\u00e9n llam\u00f3 a las y los comerciantes a organizarse para una mayor protecci\u00f3n.<\/p>\n\n\n\n<p>El observatorio, creado hace dos a\u00f1os con diferentes organizaciones de comerciantes y locatarios de mercados, se manifest\u00f3 para externar su preocupaci\u00f3n ante la creciente inseguridad en la capital.<\/p>\n\n\n\n<p>Las y los representantes de las organizaciones se\u00f1alaron que ante esta situaci\u00f3n han decidido organizarse con la implementaci\u00f3n de silbatos, apoyo mutuo y otras medidas para disuadir a la delincuencia.<\/p>\n\n\n\n<p>\u00abLamentablemente, hemos visto que en \u00faltimas fechas la inseguridad se ha apoderado de nuestra capital pese a los rondines de la polic\u00eda municipal. No queremos pensar que est\u00e1n rebasados sino que han sido casos aislados los que se han presentado, pero s\u00ed nos preocupa como comercio local todo lo que est\u00e1 sucediendo\u00bb.<\/p>\n\n\n\n<p>Las y los comerciantes y artesanos reiteraron su llamado al gobierno estatal y al municipal para que refuercen los recorridos de vigilancia y no solamente sea luego de casos lamentables como el asalto y homicidio de la comerciante.<\/p>\n\n\n\n<p>A la par del pronunciamiento del Observatorio Ciudadano Oaxaque\u00f1o, elementos de la polic\u00eda municipal y estatal emprendieron y de otras corporaciones realizaron recorridos en diversos comercios del centro hist\u00f3rico de la ciudad.<\/p>\n\n\n\n<p>Aunque los robos a negocios registraron una disminuci\u00f3n en la ciudad en el \u00faltimo a\u00f1o, esta ha sido m\u00ednima: del 13.3 por ciento. En el 2024 hubo 315 denuncias y en el 2025 se reportaron 273 denuncias por robos de este tipo, de acuerdo con la Secretar\u00eda de Seguridad Vecinal del ayuntamiento.<\/p>\n","protected":false},"excerpt":{"rendered":"<p>Lisbeth Mej\u00eda Reyes\/Zona Roja. Foto: Cortes\u00eda. Oaxaca, Oax., a 22 de enero de 2026.-A una&hellip;<\/p>\n","protected":false},"author":2,"featured_media":89333,"comment_status":"closed","ping_status":"open","sticky":false,"template":"","format":"standard","meta":{"_lmt_disableupdate":"","_lmt_disable":"","_jetpack_memberships_contains_paid_content":false,"footnotes":""},"categories":[109,46],"tags":[148],"class_list":["post-89332","post","type-post","status-publish","format-standard","has-post-thumbnail","hentry","category-minuto-a-minuto","category-zona-blanca","tag-oaxaca-de-juarez"],"jetpack_featured_media_url":"https:\/\/zonaroja.com.mx\/wp-content\/uploads\/2026\/01\/Recorridos-centro-de-la-ciudad-de-Oaxaca.jpeg","jetpack_sharing_enabled":true,"_links":{"self":[{"href":"https:\/\/zonaroja.com.mx\/index.php?rest_route=\/wp\/v2\/posts\/89332","targetHints":{"allow":["GET"]}}],"collection":[{"href":"https:\/\/zonaroja.com.mx\/index.php?rest_route=\/wp\/v2\/posts"}],"about":[{"href":"https:\/\/zonaroja.com.mx\/index.php?rest_route=\/wp\/v2\/types\/post"}],"author":[{"embeddable":true,"href":"https:\/\/zonaroja.com.mx\/index.php?rest_route=\/wp\/v2\/users\/2"}],"replies":[{"embeddable":true,"href":"https:\/\/zonaroja.com.mx\/index.php?rest_route=%2Fwp%2Fv2%2Fcomments&post=89332"}],"version-history":[{"count":1,"href":"https:\/\/zonaroja.com.mx\/index.php?rest_route=\/wp\/v2\/posts\/89332\/revisions"}],"predecessor-version":[{"id":89334,"href":"https:\/\/zonaroja.com.mx\/index.php?rest_route=\/wp\/v2\/posts\/89332\/revisions\/89334"}],"wp:featuredmedia":[{"embeddable":true,"href":"https:\/\/zonaroja.com.mx\/index.php?rest_route=\/wp\/v2\/media\/89333"}],"wp:attachment":[{"href":"https:\/\/zonaroja.com.mx\/index.php?rest_route=%2Fwp%2Fv2%2Fmedia&parent=89332"}],"wp:term":[{"taxonomy":"category","embeddable":true,"href":"https:\/\/zonaroja.com.mx\/index.php?rest_route=%2Fwp%2Fv2%2Fcategories&post=89332"},{"taxonomy":"post_tag","embeddable":true,"href":"https:\/\/zonaroja.com.mx\/index.php?rest_route=%2Fwp%2Fv2%2Ftags&post=89332"}],"curies":[{"name":"wp","href":"https:\/\/api.w.org\/{rel}","templated":true}]}}