{"id":89335,"date":"2026-01-22T10:15:00","date_gmt":"2026-01-22T16:15:00","guid":{"rendered":"https:\/\/zonaroja.com.mx\/?p=89335"},"modified":"2026-01-22T07:56:05","modified_gmt":"2026-01-22T13:56:05","slug":"protestas-en-iran-dejaron-3-mil-117-muertos-balance-oficial","status":"publish","type":"post","link":"https:\/\/zonaroja.com.mx\/?p=89335","title":{"rendered":"Protestas en Ir\u00e1n dejaron 3 mil 117 muertos: balance oficial"},"content":{"rendered":"\n<p>Redacci\u00f3n\/Zona Roja Cdmx.<\/p>\n\n\n\n<p>(Informaci\u00f3n de \u201cLa Jornada\u201d)<\/p>\n\n\n\n<p>Ciudad de M\u00e9xico, a 22 de enero de 2026.- La televisi\u00f3n estatal iran\u00ed emiti\u00f3 ayer el primer balance oficial de v\u00edctimas de las recientes manifestaciones, al informar que 3 mil 117 personas murieron, mientras el canciller, Abbas Araghchi, advirti\u00f3 que la rep\u00fablica isl\u00e1mica \u201cresponder\u00e1 con todo lo que tenemos si somos atacados nuevamente\u201d.<\/p>\n\n\n\n<p>La televisi\u00f3n estatal transmiti\u00f3 una declaraci\u00f3n de la Fundaci\u00f3n de los M\u00e1rtires en la que proporcion\u00f3 el balance, y se\u00f1al\u00f3 que de los fallecidos en las protestas, que comenzaron el 28 de diciembre, 2 mil 427 eran civiles y fuerzas de seguridad. No dio m\u00e1s detalles sobre el resto.<\/p>\n\n\n\n<p>La declaraci\u00f3n de la fundaci\u00f3n detall\u00f3 que \u201calgunos eran manifestantes que fueron tiroteados por elementos terroristas organizados que estaban entre la multitud\u201d.<\/p>\n\n\n\n<p>Las autoridades iran\u00edes calificaron las movilizaciones como un \u201cincidente terrorista\u201d caracterizado por \u201cdisturbios\u201d alentados por el presidente de Estados Unidos, Donald Trump.<\/p>\n\n\n\n<p>Los comentarios de Araghchi se presentaron en momentos en que aviones de combate y otros equipos del ej\u00e9rcito estadunidense parec\u00edan ser movilizados hacia Medio Oriente.<\/p>\n\n\n\n<p>\u201cA diferencia de la moderaci\u00f3n que Ir\u00e1n mostr\u00f3 en junio de 2025, nuestras poderosas fuerzas armadas no tienen reparos en responder con todo lo que tenemos si somos atacados nuevamente\u201d, escribi\u00f3 Aragh\u00adchi en un art\u00edculo de opini\u00f3n publicado por The Wall Street Journal.<\/p>\n\n\n\n<p>\u201cEsto no es una amenaza, sino una realidad que siento que necesito transmitir expl\u00edcitamente, porque como diplom\u00e1tico y veterano, aborrezco la guerra\u201d, refiri\u00f3 el canciller.<\/p>\n\n\n\n<p>A medida que los activos militares del Pent\u00e1gono se trasladan a esa regi\u00f3n, Trump contin\u00faa ejerciendo presi\u00f3n a sus asesores para que adopten opciones militares \u201cdecisivas\u201d contra Teher\u00e1n, recogi\u00f3 el mismo medio estadunidense que cit\u00f3 a funcionarios en condici\u00f3n de anonimato.<\/p>\n\n\n\n<p>Estos despliegues podr\u00edan ser el inicio de una expansi\u00f3n m\u00e1s amplia que dar\u00eda al magnate republicano la potencia de fuego necesaria para atacar a Ir\u00e1n si decide utilizarlos, puntualiz\u00f3 el Journal.<\/p>\n\n\n\n<p>Incendios en el Crest\u00f3n son provocados; ignoran llamado para regularizar colonias de la zona protegida&nbsp;<\/p>\n","protected":false},"excerpt":{"rendered":"<p>Redacci\u00f3n\/Zona Roja Cdmx. (Informaci\u00f3n de \u201cLa Jornada\u201d) Ciudad de M\u00e9xico, a 22 de enero de&hellip;<\/p>\n","protected":false},"author":2,"featured_media":89336,"comment_status":"closed","ping_status":"open","sticky":false,"template":"","format":"standard","meta":{"_lmt_disableupdate":"","_lmt_disable":"","_jetpack_memberships_contains_paid_content":false,"footnotes":""},"categories":[109,47],"tags":[1234],"class_list":["post-89335","post","type-post","status-publish","format-standard","has-post-thumbnail","hentry","category-minuto-a-minuto","category-zona-gris","tag-iran"],"jetpack_featured_media_url":"https:\/\/zonaroja.com.mx\/wp-content\/uploads\/2026\/01\/Protestas-Iran.jpg","jetpack_sharing_enabled":true,"_links":{"self":[{"href":"https:\/\/zonaroja.com.mx\/index.php?rest_route=\/wp\/v2\/posts\/89335","targetHints":{"allow":["GET"]}}],"collection":[{"href":"https:\/\/zonaroja.com.mx\/index.php?rest_route=\/wp\/v2\/posts"}],"about":[{"href":"https:\/\/zonaroja.com.mx\/index.php?rest_route=\/wp\/v2\/types\/post"}],"author":[{"embeddable":true,"href":"https:\/\/zonaroja.com.mx\/index.php?rest_route=\/wp\/v2\/users\/2"}],"replies":[{"embeddable":true,"href":"https:\/\/zonaroja.com.mx\/index.php?rest_route=%2Fwp%2Fv2%2Fcomments&post=89335"}],"version-history":[{"count":1,"href":"https:\/\/zonaroja.com.mx\/index.php?rest_route=\/wp\/v2\/posts\/89335\/revisions"}],"predecessor-version":[{"id":89337,"href":"https:\/\/zonaroja.com.mx\/index.php?rest_route=\/wp\/v2\/posts\/89335\/revisions\/89337"}],"wp:featuredmedia":[{"embeddable":true,"href":"https:\/\/zonaroja.com.mx\/index.php?rest_route=\/wp\/v2\/media\/89336"}],"wp:attachment":[{"href":"https:\/\/zonaroja.com.mx\/index.php?rest_route=%2Fwp%2Fv2%2Fmedia&parent=89335"}],"wp:term":[{"taxonomy":"category","embeddable":true,"href":"https:\/\/zonaroja.com.mx\/index.php?rest_route=%2Fwp%2Fv2%2Fcategories&post=89335"},{"taxonomy":"post_tag","embeddable":true,"href":"https:\/\/zonaroja.com.mx\/index.php?rest_route=%2Fwp%2Fv2%2Ftags&post=89335"}],"curies":[{"name":"wp","href":"https:\/\/api.w.org\/{rel}","templated":true}]}}