{"id":89338,"date":"2026-01-22T11:15:00","date_gmt":"2026-01-22T17:15:00","guid":{"rendered":"https:\/\/zonaroja.com.mx\/?p=89338"},"modified":"2026-01-22T08:02:53","modified_gmt":"2026-01-22T14:02:53","slug":"asesinan-a-individuo-en-el-municipio-de-jamiltepec","status":"publish","type":"post","link":"https:\/\/zonaroja.com.mx\/?p=89338","title":{"rendered":"Asesinan a individuo en el municipio de Jamiltepec"},"content":{"rendered":"\n<p>Raymundo Morales\/Zona Roja.<\/p>\n\n\n\n<p>Oaxaca, Oax., a 22 de enero de 2026.- A una semana del primer crimen del a\u00f1o, en Santiago Jamiltepec fue asesinada anoche otra persona del sexo masculino.<\/p>\n\n\n\n<p>Sujetos armados ingresaron a un bar ubicado en la colonia Guadalupe y dispararon directamente en contra del individuo, hasta ahora no identificado.<\/p>\n\n\n\n<p>Tras ello huyeron sin que alguna corporaci\u00f3n policiaca lo impidiera o efectuara operativos de persecuci\u00f3n y b\u00fasqueda.<\/p>\n\n\n\n<p>Hasta el momento se desconocen las causas por las cuales fue asesinada la persona y la Vicefiscal\u00eda Regional de la Costa, dependiente de la Fiscal\u00eda General del Estado de Oaxaca, abri\u00f3 la carpeta de investigaci\u00f3n respectiva.<\/p>\n\n\n\n<p>Fue apenas el pasado jueves 8 de enero en que ultimaron a balazo a un individuo, en el centro de dicho municipio perteneciente a la regi\u00f3n de la Costa.<\/p>\n\n\n\n<p>Pese a los m\u00faltiples hechos de violencia criminal, hasta ahora las autoridades municipales no han reforzado sus esquemas de seguridad, para resguardar a los vecinos de esa demarcaci\u00f3n, una de las m\u00e1s violentas de la zona, despu\u00e9s de Santiago Pinotepa Nacional.<\/p>\n","protected":false},"excerpt":{"rendered":"<p>Raymundo Morales\/Zona Roja. Oaxaca, Oax., a 22 de enero de 2026.- A una semana del&hellip;<\/p>\n","protected":false},"author":2,"featured_media":73641,"comment_status":"closed","ping_status":"open","sticky":false,"template":"","format":"standard","meta":{"_lmt_disableupdate":"","_lmt_disable":"","_jetpack_memberships_contains_paid_content":false,"footnotes":""},"categories":[109,51],"tags":[797],"class_list":["post-89338","post","type-post","status-publish","format-standard","has-post-thumbnail","hentry","category-minuto-a-minuto","category-zona-roja","tag-santiago-jamiltepec"],"jetpack_featured_media_url":"https:\/\/zonaroja.com.mx\/wp-content\/uploads\/2024\/10\/Escena-balazos-balas-policiaca.jpg","jetpack_sharing_enabled":true,"_links":{"self":[{"href":"https:\/\/zonaroja.com.mx\/index.php?rest_route=\/wp\/v2\/posts\/89338","targetHints":{"allow":["GET"]}}],"collection":[{"href":"https:\/\/zonaroja.com.mx\/index.php?rest_route=\/wp\/v2\/posts"}],"about":[{"href":"https:\/\/zonaroja.com.mx\/index.php?rest_route=\/wp\/v2\/types\/post"}],"author":[{"embeddable":true,"href":"https:\/\/zonaroja.com.mx\/index.php?rest_route=\/wp\/v2\/users\/2"}],"replies":[{"embeddable":true,"href":"https:\/\/zonaroja.com.mx\/index.php?rest_route=%2Fwp%2Fv2%2Fcomments&post=89338"}],"version-history":[{"count":1,"href":"https:\/\/zonaroja.com.mx\/index.php?rest_route=\/wp\/v2\/posts\/89338\/revisions"}],"predecessor-version":[{"id":89339,"href":"https:\/\/zonaroja.com.mx\/index.php?rest_route=\/wp\/v2\/posts\/89338\/revisions\/89339"}],"wp:featuredmedia":[{"embeddable":true,"href":"https:\/\/zonaroja.com.mx\/index.php?rest_route=\/wp\/v2\/media\/73641"}],"wp:attachment":[{"href":"https:\/\/zonaroja.com.mx\/index.php?rest_route=%2Fwp%2Fv2%2Fmedia&parent=89338"}],"wp:term":[{"taxonomy":"category","embeddable":true,"href":"https:\/\/zonaroja.com.mx\/index.php?rest_route=%2Fwp%2Fv2%2Fcategories&post=89338"},{"taxonomy":"post_tag","embeddable":true,"href":"https:\/\/zonaroja.com.mx\/index.php?rest_route=%2Fwp%2Fv2%2Ftags&post=89338"}],"curies":[{"name":"wp","href":"https:\/\/api.w.org\/{rel}","templated":true}]}}