{"id":89343,"date":"2026-01-22T12:15:00","date_gmt":"2026-01-22T18:15:00","guid":{"rendered":"https:\/\/zonaroja.com.mx\/?p=89343"},"modified":"2026-01-22T08:23:09","modified_gmt":"2026-01-22T14:23:09","slug":"cineastas-oaxaquenos-son-seleccionados-en-convocatoria-del-imcine","status":"publish","type":"post","link":"https:\/\/zonaroja.com.mx\/?p=89343","title":{"rendered":"Cineastas oaxaque\u00f1os son seleccionados en convocatoria del IMCINE\u00a0"},"content":{"rendered":"\n<p>Lisbeth Mej\u00eda Reyes\/Zona Roja.<\/p>\n\n\n\n<p>Oaxaca, Oax., a 22 de enero de 2026.- Cinco cineastas oaxaque\u00f1os fueron seleccionados en la octava edici\u00f3n del Est\u00edmulo para la Creaci\u00f3n Audiovisual en M\u00e9xico y Centroam\u00e9rica para Comunidades Ind\u00edgenas y Afrodescendientes (ECAMC) 2026 del Instituto Mexicano de Cinematograf\u00eda (IMCINE) para iniciar, desarrollar o concluir sus producciones.<\/p>\n\n\n\n<p>Entre las y los 19 realizadores seleccionados del pa\u00eds e incluso de Panam\u00e1 y Guatemala (Centroam\u00e9rica), los cinco realizadores oaxaque\u00f1os que obtuvieron el est\u00edmulo son: Ernesto Mel\u00e9ndez Bravo, para realizar su largometraje \u00abUna colmena en casa\u00bb; Nicol\u00e1s Rojas S\u00e1nchez, para su largometraje \u00abS\u00f3k\u00f3\u00bb; Diana Mart\u00ednez Garc\u00eda, para el cortometraje \u00abBraulia\u00bb; Blanca Elizabeth Mart\u00ednez Castillo, para el cortometraje \u00abLa gr\u00e1fica fugitiva\u00bb, y Antonio Jes\u00fas S\u00e1nchez Felipe, para el largometraje \u00abKondoy: Los nuevos caminos de la Naci\u00f3n ayuuk\u00bb.<\/p>\n\n\n\n<p>Otros de las y los cineastas seleccionados son de Quer\u00e9taro, Ciudad de M\u00e9xico, Chiapas, Estado de M\u00e9xico y Veracruz. Adem\u00e1s de los pa\u00edses de Panam\u00e1 y Guatemala.<\/p>\n\n\n\n<p>De acuerdo con el Instituto Mexicano de Cinematograf\u00eda (IMCINE), la convocatoria ECAMC 2026 recibi\u00f3 57 proyectos que entraron a evaluaci\u00f3n, de los cuales fueron seleccionados 19; 17 provienen de 7 entidades federativas de la Rep\u00fablica Mexicana y 2 de Centroam\u00e9rica.<\/p>\n\n\n\n<p>\u00abA los proyectos beneficiarios se le otorgar\u00e1 un est\u00edmulo econ\u00f3mico; la asistencia y participaci\u00f3n para la Residencia audiovisual ECAMC 2026; el acompa\u00f1amiento personalizado a lo largo de un a\u00f1o de una persona asesora y talleres cinematogr\u00e1ficos y audiovisuales\u00bb, explic\u00f3 el IMCINE.<\/p>\n\n\n\n<p>De los proyectos seleccionados, 12 son largometrajes (63.2%) y 7 cortometrajes (36.8%). Este a\u00f1o est\u00e1n representados pueblos originarios como Conca\u2019ac, Zapoteco, Wirr\u00e1rika, N\u00e1huatl, Tsotsil, Ayuuk, Poqomchi\u2019, Tu\u2019un Savi (mixteco), Popoluca, Otom\u00ed, Ch\u00b4ol y comunidades afrodescendientes de M\u00e9xico y Panam\u00e1.<\/p>\n\n\n\n<p>Entre los seleccionados se encuentran 8 proyectos dirigidos por mujeres (42.1%) y 11 por hombres (57.9%). 15 de las directoras y los directores seleccionados se autoadscriben como ind\u00edgenas (78.9%) y 4 como afrodescendientes (21.1%), detall\u00f3 el instituto.<\/p>\n\n\n\n<p>La convocatoria ECAMC 2026 estuvo abierta del 30 de septiembre al 7 de noviembre de 2025 y el Consejo de Evaluaci\u00f3n estuvo integrado por Jimena Montemayor Loyo (Ciudad de M\u00e9xico), Mar\u00eda Conchita D\u00edaz L\u00f3pez (Oaxaca), Mar\u00eda Fernanda Galindo Chico (Sonora), Wayra Ana Vel\u00e1squez (Ecuador), Juan Carlos Loza Jurado (Ciudad de M\u00e9xico), Rub\u00e9n Edgardo Castillo Pescina (San Luis Potos\u00ed), Manuel Trujillo Garc\u00eda (Ciudad de M\u00e9xico), Enrique P\u00e9rez Him (Panam\u00e1) y Edgar No\u00e9 Sajcab\u00fan Mux (Guatemala), quienes forman parte de la comunidad cinematogr\u00e1fica.<\/p>\n","protected":false},"excerpt":{"rendered":"<p>Lisbeth Mej\u00eda Reyes\/Zona Roja. Oaxaca, Oax., a 22 de enero de 2026.- Cinco cineastas oaxaque\u00f1os&hellip;<\/p>\n","protected":false},"author":2,"featured_media":89344,"comment_status":"closed","ping_status":"open","sticky":false,"template":"","format":"standard","meta":{"_lmt_disableupdate":"","_lmt_disable":"","_jetpack_memberships_contains_paid_content":false,"footnotes":""},"categories":[109,46],"tags":[],"class_list":["post-89343","post","type-post","status-publish","format-standard","has-post-thumbnail","hentry","category-minuto-a-minuto","category-zona-blanca"],"jetpack_featured_media_url":"https:\/\/zonaroja.com.mx\/wp-content\/uploads\/2026\/01\/IMCINE.jpg.avif","jetpack_sharing_enabled":true,"_links":{"self":[{"href":"https:\/\/zonaroja.com.mx\/index.php?rest_route=\/wp\/v2\/posts\/89343","targetHints":{"allow":["GET"]}}],"collection":[{"href":"https:\/\/zonaroja.com.mx\/index.php?rest_route=\/wp\/v2\/posts"}],"about":[{"href":"https:\/\/zonaroja.com.mx\/index.php?rest_route=\/wp\/v2\/types\/post"}],"author":[{"embeddable":true,"href":"https:\/\/zonaroja.com.mx\/index.php?rest_route=\/wp\/v2\/users\/2"}],"replies":[{"embeddable":true,"href":"https:\/\/zonaroja.com.mx\/index.php?rest_route=%2Fwp%2Fv2%2Fcomments&post=89343"}],"version-history":[{"count":1,"href":"https:\/\/zonaroja.com.mx\/index.php?rest_route=\/wp\/v2\/posts\/89343\/revisions"}],"predecessor-version":[{"id":89345,"href":"https:\/\/zonaroja.com.mx\/index.php?rest_route=\/wp\/v2\/posts\/89343\/revisions\/89345"}],"wp:featuredmedia":[{"embeddable":true,"href":"https:\/\/zonaroja.com.mx\/index.php?rest_route=\/wp\/v2\/media\/89344"}],"wp:attachment":[{"href":"https:\/\/zonaroja.com.mx\/index.php?rest_route=%2Fwp%2Fv2%2Fmedia&parent=89343"}],"wp:term":[{"taxonomy":"category","embeddable":true,"href":"https:\/\/zonaroja.com.mx\/index.php?rest_route=%2Fwp%2Fv2%2Fcategories&post=89343"},{"taxonomy":"post_tag","embeddable":true,"href":"https:\/\/zonaroja.com.mx\/index.php?rest_route=%2Fwp%2Fv2%2Ftags&post=89343"}],"curies":[{"name":"wp","href":"https:\/\/api.w.org\/{rel}","templated":true}]}}