{"id":89346,"date":"2026-01-22T13:23:00","date_gmt":"2026-01-22T19:23:00","guid":{"rendered":"https:\/\/zonaroja.com.mx\/?p=89346"},"modified":"2026-01-22T08:24:58","modified_gmt":"2026-01-22T14:24:58","slug":"agreden-policias-estatales-a-periodista-en-sinaloa","status":"publish","type":"post","link":"https:\/\/zonaroja.com.mx\/?p=89346","title":{"rendered":"Agreden polic\u00edas estatales a periodista en Sinaloa"},"content":{"rendered":"\n<p>Redacci\u00f3n\/Zona Roja Cdmx.<\/p>\n\n\n\n<p>(Ciudad de M\u00e9xico, a 22 de enero de 2026.- Art\u00edculo 19 denunci\u00f3 la agresi\u00f3n cometida por parte de elementos de la Secretar\u00eda de Seguridad P\u00fablica (SSP) de Sinaloa en contra del periodista Ernesto Mart\u00ednez.<\/p>\n\n\n\n<p>De acuerdo con la organizaci\u00f3n, el hecho ocurri\u00f3 el pasado 19 de enero, cuando el comunicador acudi\u00f3 a la Maxipista Culiac\u00e1n-Mazatl\u00e1n para dar cobertura period\u00edstica de un enfrentamiento entre agentes de seguridad y civiles que dej\u00f3 como saldo una persona muerta.<\/p>\n\n\n\n<p>Mart\u00ednez, quien se desempe\u00f1a como reportero del medio digital Los Noticieristas, arrib\u00f3 al sitio a bordo de su veh\u00edculo e inici\u00f3 con la grabaci\u00f3n de los hechos.<\/p>\n\n\n\n<p>Los agentes estatales que se encontraban en la zona se percataron de la grabaci\u00f3n del periodista desde su veh\u00edculo, por lo que se acercaron a \u00e9l para exigirle que detuviera el video pese a no encontrarse dentro de la zona acordonada.<\/p>\n\n\n\n<p>Mart\u00ednez explic\u00f3 que era periodista y solo realizaba su labor, pero los agentes estatales comenzaron a golpear su veh\u00edculo.<\/p>\n\n\n\n<p>\u201cErnesto les comunic\u00f3 que es periodista y que estaba realizando su labor; sin embargo los polic\u00edas hicieron caso omiso y comenzaron a golpear su carro para exigirle que se bajara\u201d, detall\u00f3 Art\u00edculo 19.<\/p>\n\n\n\n<p>La organizaci\u00f3n inform\u00f3 que, luego de descender de la unidad, Ernesto Mart\u00ednez fue agredido f\u00edsicamente por parte de los polic\u00edas estatales, quienes tambi\u00e9n le exigieron que les diera su tel\u00e9fono celular y lo fotografiaron.<\/p>\n\n\n\n<p>\u201cAl bajar del veh\u00edculo, los agentes comenzaron a agredirlo f\u00edsicamente; lo tomaron del cuello y le rompieron su chaleco rotulado de trabajo. Adem\u00e1s le exigieron que les diera su celular. Aunado a esto, los polic\u00edas le tomaron fotograf\u00edas sin su consentimiento, acompa\u00f1ado de amenazas, seg\u00fan su testimonio \u2018dec\u00edan que me grabaran para ir por m\u00ed a mi casa\u2019\u201d, detall\u00f3 Art\u00edculo 19.<\/p>\n\n\n\n<p>Organizaci\u00f3n exigi\u00f3 se investiguen los hechos<\/p>\n\n\n\n<p>Ante la agresi\u00f3n cometida en contra del periodista, la organizaci\u00f3n exigi\u00f3 a la Secretar\u00eda de Seguridad P\u00fablica del Estado de Sinaloa respetar y proteger la labor de las personas comunicadoras, as\u00ed como capacitar de manera sistem\u00e1tica a los agentes policiales sobre el derecho a la libertad de expresi\u00f3n y prensa.<\/p>\n\n\n\n<p>Adem\u00e1s, inst\u00f3 a la Vicefiscal\u00eda Especializada en Derechos Humanos, Protecci\u00f3n de Personas Defensoras de Derechos Humanos y Periodistas de Sinaloa, a que se realice una investigaci\u00f3n exhaustiva de los delitos cometidos contra la libertad de expresi\u00f3n, esto de conformidad con el Protocolo Homologado de Investigaci\u00f3n.<\/p>\n\n\n\n<p>Tambi\u00e9n record\u00f3 que, de acuerdo con los Principios sobre Libertad de Expresi\u00f3n, las amenazas y la destrucci\u00f3n de materiales de medios de comunicaci\u00f3n constituyen una \u201cviolaci\u00f3n directa a la libertad de expresi\u00f3n\u201d.<\/p>\n\n\n\n<p>Este hecho se llev\u00f3 a cabo en un contexto de violencia que viven los habitantes de Sinaloa desde el mes de septiembre de 2024, esto a causa de una disputa interna en el C\u00e1rtel de Sinaloa.<\/p>\n\n\n\n<p>De manera diaria se registran hechos violentos, entre los que destacan enfrentamientos, balaceras, asesinatos y hasta secuestros. Desde el inicio de la guerra en el c\u00e1rtel, y hasta diciembre de 2025, las autoridades han registrado m\u00e1s de 2 mil homicidios.<\/p>\n","protected":false},"excerpt":{"rendered":"<p>Redacci\u00f3n\/Zona Roja Cdmx. (Ciudad de M\u00e9xico, a 22 de enero de 2026.- Art\u00edculo 19 denunci\u00f3&hellip;<\/p>\n","protected":false},"author":2,"featured_media":89347,"comment_status":"closed","ping_status":"open","sticky":false,"template":"","format":"standard","meta":{"_lmt_disableupdate":"","_lmt_disable":"","_jetpack_memberships_contains_paid_content":false,"footnotes":""},"categories":[109,47],"tags":[],"class_list":["post-89346","post","type-post","status-publish","format-standard","has-post-thumbnail","hentry","category-minuto-a-minuto","category-zona-gris"],"jetpack_featured_media_url":"https:\/\/zonaroja.com.mx\/wp-content\/uploads\/2026\/01\/Periodista-Sinaloa.jpeg.avif","jetpack_sharing_enabled":true,"_links":{"self":[{"href":"https:\/\/zonaroja.com.mx\/index.php?rest_route=\/wp\/v2\/posts\/89346","targetHints":{"allow":["GET"]}}],"collection":[{"href":"https:\/\/zonaroja.com.mx\/index.php?rest_route=\/wp\/v2\/posts"}],"about":[{"href":"https:\/\/zonaroja.com.mx\/index.php?rest_route=\/wp\/v2\/types\/post"}],"author":[{"embeddable":true,"href":"https:\/\/zonaroja.com.mx\/index.php?rest_route=\/wp\/v2\/users\/2"}],"replies":[{"embeddable":true,"href":"https:\/\/zonaroja.com.mx\/index.php?rest_route=%2Fwp%2Fv2%2Fcomments&post=89346"}],"version-history":[{"count":1,"href":"https:\/\/zonaroja.com.mx\/index.php?rest_route=\/wp\/v2\/posts\/89346\/revisions"}],"predecessor-version":[{"id":89348,"href":"https:\/\/zonaroja.com.mx\/index.php?rest_route=\/wp\/v2\/posts\/89346\/revisions\/89348"}],"wp:featuredmedia":[{"embeddable":true,"href":"https:\/\/zonaroja.com.mx\/index.php?rest_route=\/wp\/v2\/media\/89347"}],"wp:attachment":[{"href":"https:\/\/zonaroja.com.mx\/index.php?rest_route=%2Fwp%2Fv2%2Fmedia&parent=89346"}],"wp:term":[{"taxonomy":"category","embeddable":true,"href":"https:\/\/zonaroja.com.mx\/index.php?rest_route=%2Fwp%2Fv2%2Fcategories&post=89346"},{"taxonomy":"post_tag","embeddable":true,"href":"https:\/\/zonaroja.com.mx\/index.php?rest_route=%2Fwp%2Fv2%2Ftags&post=89346"}],"curies":[{"name":"wp","href":"https:\/\/api.w.org\/{rel}","templated":true}]}}