{"id":89349,"date":"2026-01-22T14:27:00","date_gmt":"2026-01-22T20:27:00","guid":{"rendered":"https:\/\/zonaroja.com.mx\/?p=89349"},"modified":"2026-01-22T08:28:05","modified_gmt":"2026-01-22T14:28:05","slug":"reconocen-a-pueblos-mancomunados-de-oaxaca-en-feria-de-madrid","status":"publish","type":"post","link":"https:\/\/zonaroja.com.mx\/?p=89349","title":{"rendered":"Reconocen a Pueblos Mancomunados de Oaxaca en feria de Madrid"},"content":{"rendered":"\n<p>Redacci\u00f3n\/Zona Roja.<\/p>\n\n\n\n<p>Oaxaca, Oax., a 22 de enero de 2026.- Oaxaca fue galardonada en la Feria Internacional de Turismo (Fitur) 2026 que se realiza en Madrid, Espa\u00f1a, con los Premios Excelencias Tur\u00edsticas 2025 a trav\u00e9s de los Pueblos Mancomunados de la Sierra de Ju\u00e1rez, como ejemplo de actividad comunitaria y de desarrollo sustentable.<\/p>\n\n\n\n<p>Con este reconocimiento, la entidad y ocho pueblos originarios se colocan como referentes en los mercados internacionales en este encuentro tur\u00edstico, que es el m\u00e1s importante a nivel mundial y que se desarrolla del 21 al 25 de enero en esta ciudad europea.<\/p>\n\n\n\n<p>La Secretar\u00eda de Turismo (Sectur Oaxaca) resalt\u00f3 que este premio reconoce el trabajo de los Pueblos Mancomunados enfocado en la preservaci\u00f3n y promoci\u00f3n de sus recursos naturales y tradiciones, as\u00ed como de pr\u00e1cticas comunitarias para visitantes.<\/p>\n\n\n\n<p>Previo a una votaci\u00f3n abierta al p\u00fablico, los Premios Excelencias distinguieron a las localidades de la Sierra de Ju\u00e1rez: Santa Mar\u00eda Yaves\u00eda, Santa Catarina Lachatao, San Miguel Amatl\u00e1n, Santa Martha Latuvi, Benito Ju\u00e1rez, San Antonio Cuajimoloyas, San Isidro Llano Grande y La Never\u00eda.<\/p>\n\n\n\n<p>INICIA PARTICIPACI\u00d3N<\/p>\n\n\n\n<p>Del 21 al 25 de enero, el Gobierno del Estado a trav\u00e9s de la Secretar\u00eda de Turismo (Sectur Oaxaca), sostendr\u00e1 citas de negocios, brindar\u00e1 atenci\u00f3n a medios de comunicaci\u00f3n y coordinar\u00e1 activaciones para compartir la riqueza tur\u00edstica de la entidad.&nbsp;<\/p>\n\n\n\n<p>En esta importante plataforma del sector tur\u00edstico a nivel global que concentrar\u00e1 a m\u00e1s de 10 mil empresas de 161 pa\u00edses, participan representantes de Pueblos Mancomunados, de asociaciones de hoteles y empresas tur\u00edsticas de Oaxaca de Ju\u00e1rez, Santa Mar\u00eda Huatulco y Puerto Escondido; autoridades municipales del Pueblo M\u00e1gico de San Pablo Villa de Mitla y San Pedro Mixtepec; adem\u00e1s del Aeropuerto Internacional de Puerto Escondido.<\/p>\n\n\n\n<p>Tambi\u00e9n est\u00e1n presentes personas artesanas de San Mart\u00edn Tilcajete y Santiago Juxtlahuaca, cocineras tradicionales de la regi\u00f3n Mixteca; as\u00ed como m\u00fasicas, m\u00fasicos y danzantes de Tlaxiaco, Asunci\u00f3n Ixtaltepec, Santiago Juxtlahuaca, San Pedro Pochutla, Heroica Ciudad de Huajuapan de Le\u00f3n, Oaxaca de Ju\u00e1rez, Tuxtepec y Teotitl\u00e1n del Valle.&nbsp;<\/p>\n\n\n\n<p>Cabe se\u00f1alar que, en coordinaci\u00f3n con la Secretar\u00eda de Desarrollo Econ\u00f3mico (Sedeco), Oaxaca tendr\u00e1 presencia en la \u201cVentana a M\u00e9xico\u201d en L&#8217;Atelier Ut\u00f3pica, agencia de viajes del Grupo El Corte Ingl\u00e9s, como parte de las acciones de promoci\u00f3n de la Sectur federal.<\/p>\n","protected":false},"excerpt":{"rendered":"<p>Redacci\u00f3n\/Zona Roja. Oaxaca, Oax., a 22 de enero de 2026.- Oaxaca fue galardonada en la&hellip;<\/p>\n","protected":false},"author":2,"featured_media":89350,"comment_status":"closed","ping_status":"open","sticky":false,"template":"","format":"standard","meta":{"_lmt_disableupdate":"","_lmt_disable":"","_jetpack_memberships_contains_paid_content":false,"footnotes":""},"categories":[109,46],"tags":[1031],"class_list":["post-89349","post","type-post","status-publish","format-standard","has-post-thumbnail","hentry","category-minuto-a-minuto","category-zona-blanca","tag-secretaria-de-turismo-oaxaca"],"jetpack_featured_media_url":"https:\/\/zonaroja.com.mx\/wp-content\/uploads\/2026\/01\/En-Fitur-2026-son-reconocidos-Pueblos-Mancomunados-con-Premios-Excelencias-Turisticas-Sectur-Oaxaca-1.jpeg","jetpack_sharing_enabled":true,"_links":{"self":[{"href":"https:\/\/zonaroja.com.mx\/index.php?rest_route=\/wp\/v2\/posts\/89349","targetHints":{"allow":["GET"]}}],"collection":[{"href":"https:\/\/zonaroja.com.mx\/index.php?rest_route=\/wp\/v2\/posts"}],"about":[{"href":"https:\/\/zonaroja.com.mx\/index.php?rest_route=\/wp\/v2\/types\/post"}],"author":[{"embeddable":true,"href":"https:\/\/zonaroja.com.mx\/index.php?rest_route=\/wp\/v2\/users\/2"}],"replies":[{"embeddable":true,"href":"https:\/\/zonaroja.com.mx\/index.php?rest_route=%2Fwp%2Fv2%2Fcomments&post=89349"}],"version-history":[{"count":1,"href":"https:\/\/zonaroja.com.mx\/index.php?rest_route=\/wp\/v2\/posts\/89349\/revisions"}],"predecessor-version":[{"id":89351,"href":"https:\/\/zonaroja.com.mx\/index.php?rest_route=\/wp\/v2\/posts\/89349\/revisions\/89351"}],"wp:featuredmedia":[{"embeddable":true,"href":"https:\/\/zonaroja.com.mx\/index.php?rest_route=\/wp\/v2\/media\/89350"}],"wp:attachment":[{"href":"https:\/\/zonaroja.com.mx\/index.php?rest_route=%2Fwp%2Fv2%2Fmedia&parent=89349"}],"wp:term":[{"taxonomy":"category","embeddable":true,"href":"https:\/\/zonaroja.com.mx\/index.php?rest_route=%2Fwp%2Fv2%2Fcategories&post=89349"},{"taxonomy":"post_tag","embeddable":true,"href":"https:\/\/zonaroja.com.mx\/index.php?rest_route=%2Fwp%2Fv2%2Ftags&post=89349"}],"curies":[{"name":"wp","href":"https:\/\/api.w.org\/{rel}","templated":true}]}}