{"id":89356,"date":"2026-01-22T12:52:55","date_gmt":"2026-01-22T18:52:55","guid":{"rendered":"https:\/\/zonaroja.com.mx\/?p=89356"},"modified":"2026-01-22T12:52:55","modified_gmt":"2026-01-22T18:52:55","slug":"aseguran-que-con-la-revocacion-de-mandato-el-pueblo-es-el-verdadero-juez-de-su-destino","status":"publish","type":"post","link":"https:\/\/zonaroja.com.mx\/?p=89356","title":{"rendered":"Aseguran que con la Revocaci\u00f3n de Mandato, el pueblo es el verdadero juez de su destino"},"content":{"rendered":"\n<p>Raymundo Morales\/Zona Roja.&nbsp;<\/p>\n\n\n\n<p>Oaxaca, Oax., a 21 de enero de 2023.- La jornada del 25 de enero en Oaxaca trasciende la pol\u00edtica local para convertirse en un referente de la calidad democr\u00e1tica en M\u00e9xico.&nbsp;<\/p>\n\n\n\n<p>La revocaci\u00f3n de mandato es un instrumento de empoderamiento ciudadano que permite evaluar el desempe\u00f1o del Ejecutivo bajo el principio de soberan\u00eda popular.&nbsp;<\/p>\n\n\n\n<p>Este ejercicio es fundamental para la legitimaci\u00f3n de los gobiernos modernos, ya que transforma el sufragio en una herramienta de vigilancia permanente y no solo en un tr\u00e1mite que se agota el d\u00eda de la elecci\u00f3n.<\/p>\n\n\n\n<p>La importancia de este proceso reside en la movilizaci\u00f3n de la conciencia c\u00edvica. Para que la ciudadan\u00eda pueda ejercer este derecho con plenitud, la administraci\u00f3n ha debido garantizar un entorno de transparencia y orden.&nbsp;<\/p>\n\n\n\n<p>En este contexto, Jos\u00e9 Antonio Rueda M\u00e1rquez ha enfatizado la relevancia de este momento hist\u00f3rico, mencionando que \u00abla participaci\u00f3n masiva el 25 de enero ser\u00e1 la mejor prueba de que en Oaxaca el pueblo ha dejado de ser un espectador para convertirse en el verdadero juez de su destino\u00bb.<\/p>\n\n\n\n<p>Bajo esta visi\u00f3n, la labor de coordinaci\u00f3n pol\u00edtica ha sido relevante para asegurar que las instituciones estatales faciliten la organizaci\u00f3n de una consulta que cumpla con los est\u00e1ndares de certeza.&nbsp;<\/p>\n\n\n\n<p>Rueda M\u00e1rquez ha sostenido que \u00abla fuerza de un gobierno no reside en su permanencia por decreto, sino en el respaldo social que se refrenda con transparencia\u00bb.&nbsp;<\/p>\n\n\n\n<p>Analistas coinciden en que un gobierno ratificado mediante consulta popular adquiere una autoridad moral que fortalece el tejido social y reduce el espacio para la polarizaci\u00f3n est\u00e9ril.<\/p>\n\n\n\n<p>El impacto nacional de este proceso ser\u00e1 el fortalecimiento del sistema de pesos y contrapesos. Oaxaca pone el ejemplo al pa\u00eds de c\u00f3mo la participaci\u00f3n activa puede ser el eje rector de un gobierno que se sabe observado.&nbsp;<\/p>\n\n\n\n<p>El 25 de enero no solo se define el destino de un mandato, sino la vigencia de una ciudadan\u00eda que ha decidido tomar en sus manos la evaluaci\u00f3n del poder p\u00fablico, estableciendo un est\u00e1ndar de exigencia para el resto de las entidades federativas.<\/p>\n","protected":false},"excerpt":{"rendered":"<p>Raymundo Morales\/Zona Roja.&nbsp; Oaxaca, Oax., a 21 de enero de 2023.- La jornada del 25&hellip;<\/p>\n","protected":false},"author":2,"featured_media":89355,"comment_status":"closed","ping_status":"open","sticky":false,"template":"","format":"standard","meta":{"_lmt_disableupdate":"","_lmt_disable":"","_jetpack_memberships_contains_paid_content":false,"footnotes":""},"categories":[109,46],"tags":[],"class_list":["post-89356","post","type-post","status-publish","format-standard","has-post-thumbnail","hentry","category-minuto-a-minuto","category-zona-blanca"],"jetpack_featured_media_url":"https:\/\/zonaroja.com.mx\/wp-content\/uploads\/2026\/01\/cd8ee11c-e742-4ced-842a-31daa579b208.jpg","jetpack_sharing_enabled":true,"_links":{"self":[{"href":"https:\/\/zonaroja.com.mx\/index.php?rest_route=\/wp\/v2\/posts\/89356","targetHints":{"allow":["GET"]}}],"collection":[{"href":"https:\/\/zonaroja.com.mx\/index.php?rest_route=\/wp\/v2\/posts"}],"about":[{"href":"https:\/\/zonaroja.com.mx\/index.php?rest_route=\/wp\/v2\/types\/post"}],"author":[{"embeddable":true,"href":"https:\/\/zonaroja.com.mx\/index.php?rest_route=\/wp\/v2\/users\/2"}],"replies":[{"embeddable":true,"href":"https:\/\/zonaroja.com.mx\/index.php?rest_route=%2Fwp%2Fv2%2Fcomments&post=89356"}],"version-history":[{"count":1,"href":"https:\/\/zonaroja.com.mx\/index.php?rest_route=\/wp\/v2\/posts\/89356\/revisions"}],"predecessor-version":[{"id":89357,"href":"https:\/\/zonaroja.com.mx\/index.php?rest_route=\/wp\/v2\/posts\/89356\/revisions\/89357"}],"wp:featuredmedia":[{"embeddable":true,"href":"https:\/\/zonaroja.com.mx\/index.php?rest_route=\/wp\/v2\/media\/89355"}],"wp:attachment":[{"href":"https:\/\/zonaroja.com.mx\/index.php?rest_route=%2Fwp%2Fv2%2Fmedia&parent=89356"}],"wp:term":[{"taxonomy":"category","embeddable":true,"href":"https:\/\/zonaroja.com.mx\/index.php?rest_route=%2Fwp%2Fv2%2Fcategories&post=89356"},{"taxonomy":"post_tag","embeddable":true,"href":"https:\/\/zonaroja.com.mx\/index.php?rest_route=%2Fwp%2Fv2%2Ftags&post=89356"}],"curies":[{"name":"wp","href":"https:\/\/api.w.org\/{rel}","templated":true}]}}