{"id":89358,"date":"2026-01-22T18:04:00","date_gmt":"2026-01-23T00:04:00","guid":{"rendered":"https:\/\/zonaroja.com.mx\/?p=89358"},"modified":"2026-01-22T17:07:41","modified_gmt":"2026-01-22T23:07:41","slug":"se-cumplen-5-anos-del-desplazamiento-forzado-de-tierra-blanca-copala","status":"publish","type":"post","link":"https:\/\/zonaroja.com.mx\/?p=89358","title":{"rendered":"Se cumplen 5 a\u00f1os del desplazamiento forzado de Tierra Blanca Copala"},"content":{"rendered":"\n<p>Lisbeth Mej\u00eda Reyes\/Zona Roja.<\/p>\n\n\n\n<p>Oaxaca, Oax., a 22 de enero de 2026.- A cinco a\u00f1os del desplazamiento forzado de m\u00e1s de 500 personas de Tierra Blanca Copala, en la zona triqui de Oaxaca, el Movimiento de Unificaci\u00f3n y Lucha Triqui Independiente (MULTI) acus\u00f3 al Estado mexicano de administrar el conflicto y de evadir su responsabilidad para garantizar la justicia y el retorno seguro de las familias.<\/p>\n\n\n\n<p>A 1,800 d\u00edas del desplazamiento, la organizaci\u00f3n exigi\u00f3 al gobierno estatal y al federal la instalaci\u00f3n inmediata de una mesa de trabajo con el gobernador, Salom\u00f3n Jara Cruz, y el secretario de Gobierno, Jes\u00fas Romero L\u00f3pez, para el retorno seguro y digno de las familias desplazadas, pues aunque cuentan con medidas cautelares a su favor y amparos, estos siguen sin ser cumplidos por las autoridades.&nbsp;<\/p>\n\n\n\n<p>Tambi\u00e9n demand\u00f3 justicia y la aplicaci\u00f3n de la Ley de Desplazamiento Forzado que el gobierno estatal aprob\u00f3 en 2025 para que el pueblo triqui cuente con medidas reales de reparaci\u00f3n, restituci\u00f3n y garant\u00edas de no repetici\u00f3n.<\/p>\n\n\n\n<p>\u00abExisten mecanismos jur\u00eddicos nacionales e internacionales vigentes que obligan al Estado Mexicano a garantizar el retorno, la seguridad y el acceso a la justicia: el amparo en revisi\u00f3n 597\/2023, la recomendaci\u00f3n 36\/2022 de m Comisi\u00f3n Nacional de Derechos Humanos (CNDH) y las medidas cautelares 279-2022 de la Comisi\u00f3n Interamericana de Derechos Humanos (CIDH). Ninguno se ha cumplido. El retorno no ha ocurrido. La justicia no ha llegado. Las v\u00edctimas siguen esperando\u00bb, expres\u00f3.<\/p>\n\n\n\n<p>Este jueves, en conferencia de prensa frente al Palacio de Gobierno, ciudad de Oaxaca, el MULTI se\u00f1al\u00f3 que adem\u00e1s del desplazamiento forzado se vive un clima de intimidaci\u00f3n y violencia armada constante en su contra por parte de grupos paramilitares. \u00abCada dos d\u00edas, grupos paramilitares provenientes de Rastrojo Copala acuden a Yosoyuxi Copala para realizar disparos contra la poblaci\u00f3n, sin que exista ninguna consecuencia legal o pol\u00edtica\u00bb, detall\u00f3.<\/p>\n\n\n\n<p>En este lustro, explic\u00f3 que tambi\u00e9n han sido asesinados varios de sus militantes y dirigentes y que han sido objetos de una campa\u00f1a de desprestigio y criminalizaci\u00f3n para dividir y deslegitimar la lucha de las familias desplazadas.<\/p>\n\n\n\n<p>En su pronunciamiento, la organizaci\u00f3n record\u00f3 que el primer episodio de violencia comenz\u00f3 el 26 de diciembre de 2020 y concluy\u00f3 el 22 de enero de 2021, durante la administraci\u00f3n del ex gobernador Alejandro Murat Hinojosa. El saldo fue el \u00abdesplazamiento forzado del 99 por ciento de la poblaci\u00f3n originaria\u00bb.<\/p>\n\n\n\n<p>Este evento, dijo, no fue aislado ni fortuito sino que estuvo \u00abplagado de irregularidades, omisiones deliberadas y complicidades\u00bb, con la participaci\u00f3n directa de funcionarios estatales y municipales, \u00abquienes actuaron en conjunto con un grupo armado de corte paramilitar denominado MULT, bajo las \u00f3rdenes de la familia caciquil Ortiz\u00bb.<\/p>\n\n\n\n<p>El MULTI se\u00f1al\u00f3 directamente a \u00abEleazar Ortiz, Emelia Ortiz, Epifanio Ortiz, Florentino Ortiz y Manuel Ortiz\u00bb, como \u00abresponsables directos de la violencia que desplaz\u00f3 a un pueblo entero\u00bb.<\/p>\n","protected":false},"excerpt":{"rendered":"<p>Lisbeth Mej\u00eda Reyes\/Zona Roja. Oaxaca, Oax., a 22 de enero de 2026.- A cinco a\u00f1os&hellip;<\/p>\n","protected":false},"author":2,"featured_media":89359,"comment_status":"closed","ping_status":"open","sticky":false,"template":"","format":"standard","meta":{"_lmt_disableupdate":"","_lmt_disable":"","_jetpack_memberships_contains_paid_content":false,"footnotes":""},"categories":[109,47],"tags":[2411,1712],"class_list":["post-89358","post","type-post","status-publish","format-standard","has-post-thumbnail","hentry","category-minuto-a-minuto","category-zona-gris","tag-movimiento-de-unificacion-y-lucha-triqui-independiente-multi","tag-tierra-blanca-copala"],"jetpack_featured_media_url":"https:\/\/zonaroja.com.mx\/wp-content\/uploads\/2026\/01\/Conferencia-MULTI.jpg","jetpack_sharing_enabled":true,"_links":{"self":[{"href":"https:\/\/zonaroja.com.mx\/index.php?rest_route=\/wp\/v2\/posts\/89358","targetHints":{"allow":["GET"]}}],"collection":[{"href":"https:\/\/zonaroja.com.mx\/index.php?rest_route=\/wp\/v2\/posts"}],"about":[{"href":"https:\/\/zonaroja.com.mx\/index.php?rest_route=\/wp\/v2\/types\/post"}],"author":[{"embeddable":true,"href":"https:\/\/zonaroja.com.mx\/index.php?rest_route=\/wp\/v2\/users\/2"}],"replies":[{"embeddable":true,"href":"https:\/\/zonaroja.com.mx\/index.php?rest_route=%2Fwp%2Fv2%2Fcomments&post=89358"}],"version-history":[{"count":1,"href":"https:\/\/zonaroja.com.mx\/index.php?rest_route=\/wp\/v2\/posts\/89358\/revisions"}],"predecessor-version":[{"id":89360,"href":"https:\/\/zonaroja.com.mx\/index.php?rest_route=\/wp\/v2\/posts\/89358\/revisions\/89360"}],"wp:featuredmedia":[{"embeddable":true,"href":"https:\/\/zonaroja.com.mx\/index.php?rest_route=\/wp\/v2\/media\/89359"}],"wp:attachment":[{"href":"https:\/\/zonaroja.com.mx\/index.php?rest_route=%2Fwp%2Fv2%2Fmedia&parent=89358"}],"wp:term":[{"taxonomy":"category","embeddable":true,"href":"https:\/\/zonaroja.com.mx\/index.php?rest_route=%2Fwp%2Fv2%2Fcategories&post=89358"},{"taxonomy":"post_tag","embeddable":true,"href":"https:\/\/zonaroja.com.mx\/index.php?rest_route=%2Fwp%2Fv2%2Ftags&post=89358"}],"curies":[{"name":"wp","href":"https:\/\/api.w.org\/{rel}","templated":true}]}}