{"id":8936,"date":"2020-02-19T07:29:36","date_gmt":"2020-02-19T13:29:36","guid":{"rendered":"http:\/\/www.zonaroja.com.mx\/?p=8936"},"modified":"2020-02-19T07:29:41","modified_gmt":"2020-02-19T13:29:41","slug":"amanece-tuxtepec-con-una-persona-ejecutada-otro-ayer-en-chahuites","status":"publish","type":"post","link":"https:\/\/zonaroja.com.mx\/?p=8936","title":{"rendered":"Amanece Tuxtepec con una persona ejecutada; otro ayer en Chahuites"},"content":{"rendered":"\n<p>Redacci\u00f3n\/Zona Roja.<\/p>\n\n\n\n<p>Oaxaca de Ju\u00e1rez, Oax., 19 de febrero de 2020.- En San Juan Bautista Tuxtepec, la madrugada de este mi\u00e9rcoles una persona fue asesinada a balazos y con un desarmador le clavaron en el pecho un presunto \u201cnarcomensaje\u201d.<\/p>\n\n\n\n<p>Los hechos ocurrieron alrededor de las\n03:00 horas cerca en la esquina de las calles Reforma e Independencia, de la\ncolonia La Piragua; la v\u00edctima presentaba diversos disparos de arma de fuego en\nel cuerpo.<\/p>\n\n\n\n<p>Fue identificada como Jos\u00e9 A. R., y\nhasta el momento se desconoce el m\u00f3vil del crimen.<\/p>\n\n\n\n<p>Apenas ayer, el edil Fernando Bautista\nD\u00e1vila presumi\u00f3 ante el titular de la Secretar\u00eda de Seguridad P\u00fablica, Ra\u00fal\nErnesto Salcedo, que pagar\u00e1 mejor a sus polic\u00edas municipales y los capacitar\u00e1;\nno obstante, los elementos no se dieron cuenta a tiempo del homicidio.<\/p>\n\n\n\n<p>Por otra parte, en el municipio de\nChahuites, en la regi\u00f3n del Istmo de Tehuantepec, una persona fue asesinada a\nbalazos.<\/p>\n\n\n\n<p>Presuntamente se trata de un activista\nsocial identificado como Modesto Valencia; hasta el momento no hay mayor\ninformaci\u00f3n oficial al respecto.<\/p>\n","protected":false},"excerpt":{"rendered":"<p>Redacci\u00f3n\/Zona Roja. Oaxaca de Ju\u00e1rez, Oax., 19 de febrero de 2020.- En San Juan Bautista&hellip;<\/p>\n","protected":false},"author":2,"featured_media":8937,"comment_status":"closed","ping_status":"open","sticky":false,"template":"","format":"standard","meta":{"_lmt_disableupdate":"","_lmt_disable":"","_jetpack_memberships_contains_paid_content":false,"footnotes":""},"categories":[109,51],"tags":[118],"class_list":["post-8936","post","type-post","status-publish","format-standard","has-post-thumbnail","hentry","category-minuto-a-minuto","category-zona-roja","tag-san-juan-bautista-tuxtepec"],"jetpack_featured_media_url":"https:\/\/zonaroja.com.mx\/wp-content\/uploads\/2020\/02\/Ejecutado-y-narcomensaje-Tuxtepec.jpg","jetpack_sharing_enabled":true,"_links":{"self":[{"href":"https:\/\/zonaroja.com.mx\/index.php?rest_route=\/wp\/v2\/posts\/8936","targetHints":{"allow":["GET"]}}],"collection":[{"href":"https:\/\/zonaroja.com.mx\/index.php?rest_route=\/wp\/v2\/posts"}],"about":[{"href":"https:\/\/zonaroja.com.mx\/index.php?rest_route=\/wp\/v2\/types\/post"}],"author":[{"embeddable":true,"href":"https:\/\/zonaroja.com.mx\/index.php?rest_route=\/wp\/v2\/users\/2"}],"replies":[{"embeddable":true,"href":"https:\/\/zonaroja.com.mx\/index.php?rest_route=%2Fwp%2Fv2%2Fcomments&post=8936"}],"version-history":[{"count":1,"href":"https:\/\/zonaroja.com.mx\/index.php?rest_route=\/wp\/v2\/posts\/8936\/revisions"}],"predecessor-version":[{"id":8938,"href":"https:\/\/zonaroja.com.mx\/index.php?rest_route=\/wp\/v2\/posts\/8936\/revisions\/8938"}],"wp:featuredmedia":[{"embeddable":true,"href":"https:\/\/zonaroja.com.mx\/index.php?rest_route=\/wp\/v2\/media\/8937"}],"wp:attachment":[{"href":"https:\/\/zonaroja.com.mx\/index.php?rest_route=%2Fwp%2Fv2%2Fmedia&parent=8936"}],"wp:term":[{"taxonomy":"category","embeddable":true,"href":"https:\/\/zonaroja.com.mx\/index.php?rest_route=%2Fwp%2Fv2%2Fcategories&post=8936"},{"taxonomy":"post_tag","embeddable":true,"href":"https:\/\/zonaroja.com.mx\/index.php?rest_route=%2Fwp%2Fv2%2Ftags&post=8936"}],"curies":[{"name":"wp","href":"https:\/\/api.w.org\/{rel}","templated":true}]}}