{"id":89361,"date":"2026-01-22T21:08:15","date_gmt":"2026-01-23T03:08:15","guid":{"rendered":"https:\/\/zonaroja.com.mx\/?p=89361"},"modified":"2026-01-22T21:08:17","modified_gmt":"2026-01-23T03:08:17","slug":"refuerza-oaxaca-de-juarez-seguridad-metropolitana-en-mesa-regional","status":"publish","type":"post","link":"https:\/\/zonaroja.com.mx\/?p=89361","title":{"rendered":"Refuerza Oaxaca de Ju\u00e1rez seguridad metropolitana en Mesa Regional"},"content":{"rendered":"\n<p>Redacci\u00f3n\/Zona Roja.<\/p>\n\n\n\n<p>Oaxaca, Oax., a 22 de enero de enero de 2026\u2013 El presidente municipal de Oaxaca de Ju\u00e1rez, Ray Chagoya, particip\u00f3 en la Mesa de Seguridad Regional, la cual fue encabezada por el Gobernador del Estado, Salom\u00f3n Jara Cruz, y se llev\u00f3 a cabo en las instalaciones de la Guardia Nacional, en Santa Cruz Xoxocotl\u00e1n.<\/p>\n\n\n\n<p>Durante el encuentro, se reforzaron las acciones de coordinaci\u00f3n entre los gobiernos municipales de los Valles Centrales y las instituciones encargadas de la seguridad, con el prop\u00f3sito de salvaguardar la integridad de las y los oaxaque\u00f1os, as\u00ed como fortalecer la presencia institucional y la atenci\u00f3n en territorio.<\/p>\n\n\n\n<p>Ray Chagoya destac\u00f3 la importancia de mantener un trabajo conjunto entre los municipios de la zona metropolitana, en coordinaci\u00f3n con el Gobierno del Estado, para atender de manera eficaz los retos en materia de seguridad y avanzar en la consolidaci\u00f3n de Oaxaca de Ju\u00e1rez como una Ciudad Segura, con decisiones que priorizan la tranquilidad de las familias.<\/p>\n\n\n\n<p>Las autoridades municipales de los Valles Centrales de Oaxaca coincidieron en que la coordinaci\u00f3n interinstitucional y el trabajo en equipo son fundamentales para fortalecer la seguridad regional y generar condiciones de paz y bienestar para la poblaci\u00f3n.<\/p>\n","protected":false},"excerpt":{"rendered":"<p>Redacci\u00f3n\/Zona Roja. Oaxaca, Oax., a 22 de enero de enero de 2026\u2013 El presidente municipal&hellip;<\/p>\n","protected":false},"author":2,"featured_media":89362,"comment_status":"closed","ping_status":"open","sticky":false,"template":"","format":"standard","meta":{"_lmt_disableupdate":"","_lmt_disable":"","_jetpack_memberships_contains_paid_content":false,"footnotes":""},"categories":[109,46],"tags":[148,4403],"class_list":["post-89361","post","type-post","status-publish","format-standard","has-post-thumbnail","hentry","category-minuto-a-minuto","category-zona-blanca","tag-oaxaca-de-juarez","tag-ray-chagoya"],"jetpack_featured_media_url":"https:\/\/zonaroja.com.mx\/wp-content\/uploads\/2026\/01\/Ray-Chagoya-guardia-nacional-salomon-jara.jpg","jetpack_sharing_enabled":true,"_links":{"self":[{"href":"https:\/\/zonaroja.com.mx\/index.php?rest_route=\/wp\/v2\/posts\/89361","targetHints":{"allow":["GET"]}}],"collection":[{"href":"https:\/\/zonaroja.com.mx\/index.php?rest_route=\/wp\/v2\/posts"}],"about":[{"href":"https:\/\/zonaroja.com.mx\/index.php?rest_route=\/wp\/v2\/types\/post"}],"author":[{"embeddable":true,"href":"https:\/\/zonaroja.com.mx\/index.php?rest_route=\/wp\/v2\/users\/2"}],"replies":[{"embeddable":true,"href":"https:\/\/zonaroja.com.mx\/index.php?rest_route=%2Fwp%2Fv2%2Fcomments&post=89361"}],"version-history":[{"count":1,"href":"https:\/\/zonaroja.com.mx\/index.php?rest_route=\/wp\/v2\/posts\/89361\/revisions"}],"predecessor-version":[{"id":89363,"href":"https:\/\/zonaroja.com.mx\/index.php?rest_route=\/wp\/v2\/posts\/89361\/revisions\/89363"}],"wp:featuredmedia":[{"embeddable":true,"href":"https:\/\/zonaroja.com.mx\/index.php?rest_route=\/wp\/v2\/media\/89362"}],"wp:attachment":[{"href":"https:\/\/zonaroja.com.mx\/index.php?rest_route=%2Fwp%2Fv2%2Fmedia&parent=89361"}],"wp:term":[{"taxonomy":"category","embeddable":true,"href":"https:\/\/zonaroja.com.mx\/index.php?rest_route=%2Fwp%2Fv2%2Fcategories&post=89361"},{"taxonomy":"post_tag","embeddable":true,"href":"https:\/\/zonaroja.com.mx\/index.php?rest_route=%2Fwp%2Fv2%2Ftags&post=89361"}],"curies":[{"name":"wp","href":"https:\/\/api.w.org\/{rel}","templated":true}]}}