{"id":89367,"date":"2026-01-23T08:15:00","date_gmt":"2026-01-23T14:15:00","guid":{"rendered":"https:\/\/zonaroja.com.mx\/?p=89367"},"modified":"2026-01-23T06:58:32","modified_gmt":"2026-01-23T12:58:32","slug":"incendios-en-cerro-del-creston-podrian-ser-provocados-coinciden","status":"publish","type":"post","link":"https:\/\/zonaroja.com.mx\/?p=89367","title":{"rendered":"Incendios en cerro del \u201cCrest\u00f3n\u201d podr\u00edan ser provocados, coinciden"},"content":{"rendered":"\n<p>Lisbeth Mej\u00eda Reyes\/Zona Roja.<\/p>\n\n\n\n<p>Oaxaca, Oax., a 23 de enero de 2026.- Los recientes incendios en el cerro del \u201cCrest\u00f3n\u201d, parte de la zona de reserva ecol\u00f3gica y \u00e1rea natural protegida de la ciudad de Oaxaca, son provocados o existe una alta probabilidad de que as\u00ed sea, se\u00f1alaron el gobierno estatal y el de Oaxaca de Ju\u00e1rez.<\/p>\n\n\n\n<p>El martes, en conferencias de prensa por separado, tanto el presidente municipal de Oaxaca de Ju\u00e1rez como el gobernador Salom\u00f3n Jara se refirieron a los tres \u00faltimos siniestros y explicaron que se ha reforzado la seguridad para evitar m\u00e1s afectaciones de este tipo.<\/p>\n\n\n\n<p>\u00abHa habido provocaci\u00f3n&#8230; Es una provocaci\u00f3n de ir a quemar all\u00e1 en el \u2018Crest\u00f3n\u2019\u00bb, extern\u00f3 el mandatario. Por su parte, el presidente municipal, Raymundo Chagoya Villanueva dijo que \u00abal parecer, son incendios provocados para acabar con la naturaleza en estas partes y dejar el terreno liberado, es lo que sospechamos\u00bb.<\/p>\n\n\n\n<p>A prop\u00f3sito de los menos los tres \u00faltimos incendios en el cerro, sobre los cuales destac\u00f3 la coordinaci\u00f3n entre autoridades para su control, el edil expuso que no se ha avanzado como se esperaba en la regularizaci\u00f3n de las 44 colonias que est\u00e1n dentro de la zona de reserva y \u00e1rea natural protegida que abarca al cerro del Crest\u00f3n.<\/p>\n\n\n\n<p>\u00abSe ha avanzado con algunos (propietarios). Sin embargo, no ha sido lo que se esperaba\u00bb, extern\u00f3 el concejal, quien llam\u00f3 a la poblaci\u00f3n de esas colonias a regularizarse.<\/p>\n\n\n\n<p>El 29 de julio del 2025, el cabildo de Oaxaca de Ju\u00e1rez aprob\u00f3 un acuerdo para retirar las restricciones a los tr\u00e1mites que se ten\u00edan desde el 2021, a fin de dar certeza a las 44 colonias ya asentadas en la reserva ecol\u00f3gica.<\/p>\n\n\n\n<p>Seg\u00fan el gobierno estatal, de las 1,239 hect\u00e1reas que abarca el pol\u00edgono de la zona de reserva y \u00e1rea natural protegida del Crest\u00f3n-Cruz Blanca-Fort\u00edn, el 31 por ciento ya est\u00e1 urbanizado. Es decir, ya tienen asentamientos que ahora junto con el gobierno municipal se tienen que administrar para regularlas y garantizar los servicios b\u00e1sicos.<\/p>\n","protected":false},"excerpt":{"rendered":"<p>Lisbeth Mej\u00eda Reyes\/Zona Roja. Oaxaca, Oax., a 23 de enero de 2026.- Los recientes incendios&hellip;<\/p>\n","protected":false},"author":2,"featured_media":89368,"comment_status":"closed","ping_status":"open","sticky":false,"template":"","format":"standard","meta":{"_lmt_disableupdate":"","_lmt_disable":"","_jetpack_memberships_contains_paid_content":false,"footnotes":""},"categories":[109,46],"tags":[],"class_list":["post-89367","post","type-post","status-publish","format-standard","has-post-thumbnail","hentry","category-minuto-a-minuto","category-zona-blanca"],"jetpack_featured_media_url":"https:\/\/zonaroja.com.mx\/wp-content\/uploads\/2026\/01\/incendio-cerro-del-creston.jpg","jetpack_sharing_enabled":true,"_links":{"self":[{"href":"https:\/\/zonaroja.com.mx\/index.php?rest_route=\/wp\/v2\/posts\/89367","targetHints":{"allow":["GET"]}}],"collection":[{"href":"https:\/\/zonaroja.com.mx\/index.php?rest_route=\/wp\/v2\/posts"}],"about":[{"href":"https:\/\/zonaroja.com.mx\/index.php?rest_route=\/wp\/v2\/types\/post"}],"author":[{"embeddable":true,"href":"https:\/\/zonaroja.com.mx\/index.php?rest_route=\/wp\/v2\/users\/2"}],"replies":[{"embeddable":true,"href":"https:\/\/zonaroja.com.mx\/index.php?rest_route=%2Fwp%2Fv2%2Fcomments&post=89367"}],"version-history":[{"count":1,"href":"https:\/\/zonaroja.com.mx\/index.php?rest_route=\/wp\/v2\/posts\/89367\/revisions"}],"predecessor-version":[{"id":89369,"href":"https:\/\/zonaroja.com.mx\/index.php?rest_route=\/wp\/v2\/posts\/89367\/revisions\/89369"}],"wp:featuredmedia":[{"embeddable":true,"href":"https:\/\/zonaroja.com.mx\/index.php?rest_route=\/wp\/v2\/media\/89368"}],"wp:attachment":[{"href":"https:\/\/zonaroja.com.mx\/index.php?rest_route=%2Fwp%2Fv2%2Fmedia&parent=89367"}],"wp:term":[{"taxonomy":"category","embeddable":true,"href":"https:\/\/zonaroja.com.mx\/index.php?rest_route=%2Fwp%2Fv2%2Fcategories&post=89367"},{"taxonomy":"post_tag","embeddable":true,"href":"https:\/\/zonaroja.com.mx\/index.php?rest_route=%2Fwp%2Fv2%2Ftags&post=89367"}],"curies":[{"name":"wp","href":"https:\/\/api.w.org\/{rel}","templated":true}]}}