{"id":89375,"date":"2026-01-23T10:15:00","date_gmt":"2026-01-23T16:15:00","guid":{"rendered":"https:\/\/zonaroja.com.mx\/?p=89375"},"modified":"2026-01-23T07:49:41","modified_gmt":"2026-01-23T13:49:41","slug":"credencial-de-elector-sera-necesaria-para-jornada-del-domingo-ieepco","status":"publish","type":"post","link":"https:\/\/zonaroja.com.mx\/?p=89375","title":{"rendered":"Credencial de Elector ser\u00e1 necesaria para jornada del domingo: IEEPCO"},"content":{"rendered":"\n<p>Ismael Garc\u00eda M.\/Zona Roja.<\/p>\n\n\n\n<p>Oaxaca, Oax., a 23 de enero de 2026.- La Credencial de Elector s\u00ed ser\u00e1 necesaria para participar en la consulta de Revocaci\u00f3n de Mandato, que se efectuar\u00e1 el pr\u00f3ximo domingo 25 de enero en Oaxaca.<\/p>\n\n\n\n<p>As\u00ed lo estableci\u00f3 el Instituto Estatal Electoral y de Participaci\u00f3n Ciudadana de Oaxaca (IEEPCO), al referirse a la sentencia emitida por la Sala Regional Xalapa del Tribunal Electoral del Poder Judicial de la Federaci\u00f3n, este jueves 22 de enero, dentro del expediente SX-JDC-15\/2026.<\/p>\n\n\n\n<p>\u201cEl caso resuelto corresponde a un Juicio para la Protecci\u00f3n de los Derechos Pol\u00edtico-Electorales del Ciudadano, presentado por una persona con el objetivo de proteger sus derechos pol\u00edtico-electorales al argumentar que, previo la Jornada de Revocaci\u00f3n de Mandato, hab\u00eda extraviado su credencial para votar sin posibilidad de reponerla ante el Instituto Nacional Electoral.<\/p>\n\n\n\n<p>\u201cAl respecto, el Tribunal advirti\u00f3 que dicha persona, pese a encontrarse inscrita en la Lista Nominal de Electores, enfrent\u00f3 la imposibilidad material de reponer su credencial dentro de los plazos legalmente establecidos, por causas ajenas a su voluntad. Por tal motivo, dicha persona podr\u00e1 asistir a su respectiva casilla y ejercer su derecho al voto en la jornada del domingo 25 de enero, presentando copia certificada de los efectos y de los puntos resolutivos de la sentencia, as\u00ed como con un documento oficial de identificaci\u00f3n\u201d, dijo.<\/p>\n\n\n\n<p>En un comunicado, el \u00f3rgano que preside Elizabeth S\u00e1nchez Gonz\u00e1lez expuso que la sentencia en menci\u00f3n solo tiene efectos para la persona que promovi\u00f3 el juicio y no es aplicable de forma general, ni modifica los derechos, obligaciones o condiciones del resto de la ciudadan\u00eda, incluso si otras personas se encuentran en situaciones similares.<\/p>\n\n\n\n<p>\u201cEs importante aclarar que las resoluciones derivadas de juicios ciudadanos no generan efectos colectivos, a menos que el propio tribunal lo se\u00f1ale expresamente, lo cual no ocurre en este caso. Cualquier interpretaci\u00f3n que intente extender los efectos de esta sentencia a toda la poblaci\u00f3n no es correcta\u201d, detall\u00f3.<\/p>\n\n\n\n<p>El IEEPCO reiter\u00f3 el respeto a las decisiones de las autoridades electorales y el compromiso de brindar informaci\u00f3n clara, responsable y precisa, con el fin de evitar confusiones o desinformaci\u00f3n entre la ciudadan\u00eda.<\/p>\n","protected":false},"excerpt":{"rendered":"<p>Ismael Garc\u00eda M.\/Zona Roja. Oaxaca, Oax., a 23 de enero de 2026.- La Credencial de&hellip;<\/p>\n","protected":false},"author":2,"featured_media":88566,"comment_status":"closed","ping_status":"open","sticky":false,"template":"","format":"standard","meta":{"_lmt_disableupdate":"","_lmt_disable":"","_jetpack_memberships_contains_paid_content":false,"footnotes":""},"categories":[109,46],"tags":[2932,4512],"class_list":["post-89375","post","type-post","status-publish","format-standard","has-post-thumbnail","hentry","category-minuto-a-minuto","category-zona-blanca","tag-instituto-estatal-electoral-y-de-participacion-ciudadana-de-oaxaca-ieepco","tag-revocacion-de-mandato-oaxaca"],"jetpack_featured_media_url":"https:\/\/zonaroja.com.mx\/wp-content\/uploads\/2025\/12\/Proceso-de-Revocacion-de-Mandato.jpeg","jetpack_sharing_enabled":true,"_links":{"self":[{"href":"https:\/\/zonaroja.com.mx\/index.php?rest_route=\/wp\/v2\/posts\/89375","targetHints":{"allow":["GET"]}}],"collection":[{"href":"https:\/\/zonaroja.com.mx\/index.php?rest_route=\/wp\/v2\/posts"}],"about":[{"href":"https:\/\/zonaroja.com.mx\/index.php?rest_route=\/wp\/v2\/types\/post"}],"author":[{"embeddable":true,"href":"https:\/\/zonaroja.com.mx\/index.php?rest_route=\/wp\/v2\/users\/2"}],"replies":[{"embeddable":true,"href":"https:\/\/zonaroja.com.mx\/index.php?rest_route=%2Fwp%2Fv2%2Fcomments&post=89375"}],"version-history":[{"count":1,"href":"https:\/\/zonaroja.com.mx\/index.php?rest_route=\/wp\/v2\/posts\/89375\/revisions"}],"predecessor-version":[{"id":89376,"href":"https:\/\/zonaroja.com.mx\/index.php?rest_route=\/wp\/v2\/posts\/89375\/revisions\/89376"}],"wp:featuredmedia":[{"embeddable":true,"href":"https:\/\/zonaroja.com.mx\/index.php?rest_route=\/wp\/v2\/media\/88566"}],"wp:attachment":[{"href":"https:\/\/zonaroja.com.mx\/index.php?rest_route=%2Fwp%2Fv2%2Fmedia&parent=89375"}],"wp:term":[{"taxonomy":"category","embeddable":true,"href":"https:\/\/zonaroja.com.mx\/index.php?rest_route=%2Fwp%2Fv2%2Fcategories&post=89375"},{"taxonomy":"post_tag","embeddable":true,"href":"https:\/\/zonaroja.com.mx\/index.php?rest_route=%2Fwp%2Fv2%2Ftags&post=89375"}],"curies":[{"name":"wp","href":"https:\/\/api.w.org\/{rel}","templated":true}]}}