{"id":89377,"date":"2026-01-23T11:15:00","date_gmt":"2026-01-23T17:15:00","guid":{"rendered":"https:\/\/zonaroja.com.mx\/?p=89377"},"modified":"2026-01-23T07:55:03","modified_gmt":"2026-01-23T13:55:03","slug":"en-oaxaca-accidentes-de-transito-cobraron-la-vida-de-542-personas-en-el-2025","status":"publish","type":"post","link":"https:\/\/zonaroja.com.mx\/?p=89377","title":{"rendered":"En Oaxaca, accidentes de tr\u00e1nsito cobraron la vida de 542 personas en el 2025"},"content":{"rendered":"\n<p>Lisbeth Mej\u00eda Reyes\/Zona Roja.<\/p>\n\n\n\n<p>Oaxaca, Oax., a 23 de enero de 2026.- Los accidentes de tr\u00e1nsito o siniestros viales cobraron la vida de 542 personas en el a\u00f1o 2025, de acuerdo con el reporte de delitos y v\u00edctimas del Secretariado Ejecutivo del Sistema Nacional de Seguridad P\u00fablica (SESNSP).<\/p>\n\n\n\n<p>Los 542 decesos por accidentes de tr\u00e1nsito implican que en promedio fallecieron tres personas cada 48 horas por esta causa o 10 cada semana. Entre los percances con m\u00e1s v\u00edctimas (14) est\u00e1 el descarrilamiento del Tren Interoce\u00e1nico en la l\u00ednea Z, ocurrido el 28 de diciembre en el tramo Nizanda -Chivela, en el Istmo de Tehuantepec.<\/p>\n\n\n\n<p>En los primeros d\u00edas del 2026, las v\u00edctimas mortales de siniestros viales tambi\u00e9n han sido varias. Por ejemplo, uno de los \u00faltimos casos fue el de un motociclista que falleci\u00f3 este jueves tras ser atropellado por un cami\u00f3n en la carretera federal 175, en jurisdicci\u00f3n de \u00c1nimas Trujano, en la regi\u00f3n de Valles Centrales.&nbsp;<\/p>\n\n\n\n<p>Otra persona, un trabajador de una gr\u00faa de arrastre, muri\u00f3 ayer en la supercarretera Oaxaca-Puerto Escondido, cuando realizaba maniobras para rescatar un tr\u00e1iler siniestrado en esa zona y fue golpeado con un cable de acero.<\/p>\n\n\n\n<p>Otra de las v\u00edctimas, tambi\u00e9n motociclista, falleci\u00f3 el pasado martes en un percance en la carretera federal 200, en los alrededores de Bajos de Chila y Puerto Escondido, en la regi\u00f3n Costa.<\/p>\n\n\n\n<p>La joven Dulce Enriquez es otra de las v\u00edctimas de un siniestro vial en la entidad, quien falleci\u00f3 el 19 de enero, 10 d\u00edas despu\u00e9s del percance ocurrido el 9 de enero en el libramiento de Ocotl\u00e1n de Morelos, regi\u00f3n Valles Centrales. El veh\u00edculo era conducido presuntamente por el presidente municipal de Santa Mar\u00eda Huatulco, Julio C\u00e1rdenas, quien result\u00f3 con lesiones.<\/p>\n\n\n\n<p>DISMINUYEN V\u00cdCTIMAS<\/p>\n\n\n\n<p>Si se compara con el a\u00f1o 2024, cuando el Secretariado registr\u00f3 704 v\u00edctimas de homicidios culposos por accidentes de tr\u00e1nsito, las v\u00edctimas de homicidios culposos por accidentes de tr\u00e1nsito han disminuido.&nbsp;<\/p>\n\n\n\n<p>Sin embargo, el problema persiste en medio del creciente exigencia de la Coalici\u00f3n Movilidad Segura Oaxaca para que el congreso local y el ejecutivo estatal armonicen la Ley General de Movilidad y Seguridad Vial, a fin de evitar lo m\u00e1s posible las muertes por los siniestros viales.<\/p>\n\n\n\n<p>El Secretariado T\u00e9cnico del Consejo Nacional para la Prevenci\u00f3n de Accidentes (STCONAPRA) del gobierno federal, se\u00f1ala que en el 2022 hubo 532 v\u00edctimas mortales de siniestros viales en el estado de Oaxaca; en 2023 fueron 695 las personas fallecidas por estos siniestros.<\/p>\n","protected":false},"excerpt":{"rendered":"<p>Lisbeth Mej\u00eda Reyes\/Zona Roja. Oaxaca, Oax., a 23 de enero de 2026.- Los accidentes de&hellip;<\/p>\n","protected":false},"author":2,"featured_media":89378,"comment_status":"closed","ping_status":"open","sticky":false,"template":"","format":"standard","meta":{"_lmt_disableupdate":"","_lmt_disable":"","_jetpack_memberships_contains_paid_content":false,"footnotes":""},"categories":[109,47],"tags":[3416],"class_list":["post-89377","post","type-post","status-publish","format-standard","has-post-thumbnail","hentry","category-minuto-a-minuto","category-zona-gris","tag-accidentes-carreteros-oaxaca"],"jetpack_featured_media_url":"https:\/\/zonaroja.com.mx\/wp-content\/uploads\/2026\/01\/Accidente-muerto-Animas-Trujano-motociclista.jpeg","jetpack_sharing_enabled":true,"_links":{"self":[{"href":"https:\/\/zonaroja.com.mx\/index.php?rest_route=\/wp\/v2\/posts\/89377","targetHints":{"allow":["GET"]}}],"collection":[{"href":"https:\/\/zonaroja.com.mx\/index.php?rest_route=\/wp\/v2\/posts"}],"about":[{"href":"https:\/\/zonaroja.com.mx\/index.php?rest_route=\/wp\/v2\/types\/post"}],"author":[{"embeddable":true,"href":"https:\/\/zonaroja.com.mx\/index.php?rest_route=\/wp\/v2\/users\/2"}],"replies":[{"embeddable":true,"href":"https:\/\/zonaroja.com.mx\/index.php?rest_route=%2Fwp%2Fv2%2Fcomments&post=89377"}],"version-history":[{"count":1,"href":"https:\/\/zonaroja.com.mx\/index.php?rest_route=\/wp\/v2\/posts\/89377\/revisions"}],"predecessor-version":[{"id":89379,"href":"https:\/\/zonaroja.com.mx\/index.php?rest_route=\/wp\/v2\/posts\/89377\/revisions\/89379"}],"wp:featuredmedia":[{"embeddable":true,"href":"https:\/\/zonaroja.com.mx\/index.php?rest_route=\/wp\/v2\/media\/89378"}],"wp:attachment":[{"href":"https:\/\/zonaroja.com.mx\/index.php?rest_route=%2Fwp%2Fv2%2Fmedia&parent=89377"}],"wp:term":[{"taxonomy":"category","embeddable":true,"href":"https:\/\/zonaroja.com.mx\/index.php?rest_route=%2Fwp%2Fv2%2Fcategories&post=89377"},{"taxonomy":"post_tag","embeddable":true,"href":"https:\/\/zonaroja.com.mx\/index.php?rest_route=%2Fwp%2Fv2%2Ftags&post=89377"}],"curies":[{"name":"wp","href":"https:\/\/api.w.org\/{rel}","templated":true}]}}