{"id":89380,"date":"2026-01-23T00:15:00","date_gmt":"2026-01-23T06:15:00","guid":{"rendered":"https:\/\/zonaroja.com.mx\/?p=89380"},"modified":"2026-01-23T08:16:40","modified_gmt":"2026-01-23T14:16:40","slug":"cual-austeridad-suprema-corte-compra-camionetas-de-1-7-mdp-para-ministros","status":"publish","type":"post","link":"https:\/\/zonaroja.com.mx\/?p=89380","title":{"rendered":"\u00bfCu\u00e1l austeridad? Suprema Corte compra camionetas de 1.7 mdp para ministros"},"content":{"rendered":"\n<p>Redacci\u00f3n\/Zona Roja Cdmx.<\/p>\n\n\n\n<p>(Informaci\u00f3n de \u201cLa Jornada\u201d)<\/p>\n\n\n\n<p>Ciudad de M\u00e9xico, a 23 de enero de 2026.- La Suprema Corte de Justicia de la Naci\u00f3n (SCJN) inici\u00f3 la renovaci\u00f3n de su parque vehicular con la asignaci\u00f3n de una camioneta Jeep Cherokee nueva para cada ministro, cuyo precio en el mercado oscila entre un mill\u00f3n 70 mil pesos y un mill\u00f3n 777 mil pesos, sin considerar posibles adecuaciones como blindaje.<\/p>\n\n\n\n<p>El alto tribunal justific\u00f3 este jueves la medida por razones de seguridad, al tratarse de veh\u00edculos modelos 2019 y 2020. Su reemplazo es parte de un proceso en marcha para la renovaci\u00f3n de una flotilla m\u00e1s amplia, aunque no se ha precisado el n\u00famero de unidades.<\/p>\n\n\n\n<p>\u201cLa SCJN tom\u00f3 la decisi\u00f3n de renovar la flotilla vehicular asignada a ministras y ministros, mediante la adquisici\u00f3n de nueve unidades. Esta determinaci\u00f3n cont\u00f3 con opiniones t\u00e9cnicas emitidas por autoridades federales, concluy\u00e9ndose que las unidades en uso ya no cumpl\u00edan con los est\u00e1ndares adecuados de seguridad, por lo que su continuidad compromet\u00eda su operaci\u00f3n.&nbsp;<\/p>\n\n\n\n<p>\u201cLa adquisici\u00f3n de los nuevos veh\u00edculos responde, por tanto, a criterios de prevenci\u00f3n, seguridad institucional y no a consideraciones discrecionales.\u201d, explic\u00f3 la Corte en una tarjeta informativa.<\/p>\n\n\n\n<p>Tambi\u00e9n justific\u00f3 la medida con base en una norma interna, el Acuerdo General de Administraci\u00f3n 2019, que en su art\u00edculo 32 establece que \u201cel reemplazo de los veh\u00edculos utilizados para apoyo de la Direcci\u00f3n General de Seguridad podr\u00e1 realizarse una vez que hayan cumplido cuatro a\u00f1os de servicio o antes, cuando las condiciones del automotor no sean seguras\u201d, previo dictamen la misma direcci\u00f3n.&nbsp;<\/p>\n\n\n\n<p>\u201cCon el prop\u00f3sito de no generar un gasto mayor para la instituci\u00f3n, esta adquisici\u00f3n se llev\u00f3 a cabo de manera paralela al proceso de desincorporaci\u00f3n de un parque vehicular mayor al adquirido. Con ello, la SCJN reafirma su compromiso con una gesti\u00f3n responsable del gasto p\u00fablico y el uso racional de los recursos, sin comprometer las condiciones de seguridad para el ejercicio de la funci\u00f3n jurisdiccional\u201d, concluye la tarjeta.<\/p>\n","protected":false},"excerpt":{"rendered":"<p>Redacci\u00f3n\/Zona Roja Cdmx. (Informaci\u00f3n de \u201cLa Jornada\u201d) Ciudad de M\u00e9xico, a 23 de enero de&hellip;<\/p>\n","protected":false},"author":2,"featured_media":89381,"comment_status":"closed","ping_status":"open","sticky":false,"template":"","format":"standard","meta":{"_lmt_disableupdate":"","_lmt_disable":"","_jetpack_memberships_contains_paid_content":false,"footnotes":""},"categories":[109,47],"tags":[2878],"class_list":["post-89380","post","type-post","status-publish","format-standard","has-post-thumbnail","hentry","category-minuto-a-minuto","category-zona-gris","tag-suprema-corte-de-justicia-de-la-nacion-scjn"],"jetpack_featured_media_url":"https:\/\/zonaroja.com.mx\/wp-content\/uploads\/2026\/01\/camionetas-de-lujo-suprema-corte-de-justicia-.jpg","jetpack_sharing_enabled":true,"_links":{"self":[{"href":"https:\/\/zonaroja.com.mx\/index.php?rest_route=\/wp\/v2\/posts\/89380","targetHints":{"allow":["GET"]}}],"collection":[{"href":"https:\/\/zonaroja.com.mx\/index.php?rest_route=\/wp\/v2\/posts"}],"about":[{"href":"https:\/\/zonaroja.com.mx\/index.php?rest_route=\/wp\/v2\/types\/post"}],"author":[{"embeddable":true,"href":"https:\/\/zonaroja.com.mx\/index.php?rest_route=\/wp\/v2\/users\/2"}],"replies":[{"embeddable":true,"href":"https:\/\/zonaroja.com.mx\/index.php?rest_route=%2Fwp%2Fv2%2Fcomments&post=89380"}],"version-history":[{"count":1,"href":"https:\/\/zonaroja.com.mx\/index.php?rest_route=\/wp\/v2\/posts\/89380\/revisions"}],"predecessor-version":[{"id":89382,"href":"https:\/\/zonaroja.com.mx\/index.php?rest_route=\/wp\/v2\/posts\/89380\/revisions\/89382"}],"wp:featuredmedia":[{"embeddable":true,"href":"https:\/\/zonaroja.com.mx\/index.php?rest_route=\/wp\/v2\/media\/89381"}],"wp:attachment":[{"href":"https:\/\/zonaroja.com.mx\/index.php?rest_route=%2Fwp%2Fv2%2Fmedia&parent=89380"}],"wp:term":[{"taxonomy":"category","embeddable":true,"href":"https:\/\/zonaroja.com.mx\/index.php?rest_route=%2Fwp%2Fv2%2Fcategories&post=89380"},{"taxonomy":"post_tag","embeddable":true,"href":"https:\/\/zonaroja.com.mx\/index.php?rest_route=%2Fwp%2Fv2%2Ftags&post=89380"}],"curies":[{"name":"wp","href":"https:\/\/api.w.org\/{rel}","templated":true}]}}