{"id":89386,"date":"2026-01-23T18:19:00","date_gmt":"2026-01-24T00:19:00","guid":{"rendered":"https:\/\/zonaroja.com.mx\/?p=89386"},"modified":"2026-01-23T08:21:30","modified_gmt":"2026-01-23T14:21:30","slug":"fiscalias-de-oaxaca-y-de-veracruz-refuerzan-colaboracion","status":"publish","type":"post","link":"https:\/\/zonaroja.com.mx\/?p=89386","title":{"rendered":"Fiscal\u00edas de Oaxaca y de Veracruz refuerzan colaboraci\u00f3n\u00a0"},"content":{"rendered":"\n<p>Redacci\u00f3n\/Zona Roja.&nbsp;<\/p>\n\n\n\n<p>Oaxaca, Oax., a&nbsp; 23 de enero de 2026.-&nbsp; El Fiscal General del Estado de Oaxaca, Bernardo Rodr\u00edguez Alamilla, sostuvo una reuni\u00f3n de trabajo con su hom\u00f3loga de Veracruz, Lisbeth Aurelia Jim\u00e9nez Aguirre.<\/p>\n\n\n\n<p>Asimismo, estuvieron presentes el secretario de Seguridad P\u00fablica de Veracruz, Alfonso Reyes Garc\u00e9s; junto con el titular de la Secretar\u00eda de Seguridad P\u00fablica y Protecci\u00f3n Ciudadana de Oaxaca, Iv\u00e1n Garc\u00eda \u00c1lvarez.<\/p>\n\n\n\n<p>Lo anterior con el objetivo de articular estrategias de colaboraci\u00f3n institucional entre ambas entidades para combatir delitos de alto impacto en la zona lim\u00edtrofe entre las dos entidades.<\/p>\n\n\n\n<p>Durante el encuentro realizado en Xalapa, Veracruz, se analizaron mecanismos de coordinaci\u00f3n interinstitucional orientados a fortalecer las l\u00edneas de acci\u00f3n entre las autoridades involucradas en las tareas de prevenci\u00f3n, inteligencia, investigaci\u00f3n, procedimiento, evaluaci\u00f3n y sistematizaci\u00f3n, a fin de erradicar delitos de alto impacto que se presentan en la franja fronteriza entre Oaxaca y Veracruz.<\/p>\n\n\n\n<p>El titular de la Fiscal\u00eda General del Estado de Oaxaca, Bernardo Rodr\u00edguez Alamilla, present\u00f3 un an\u00e1lisis detallado de la incidencia delictiva de los municipios de la regi\u00f3n fronteriza, destacando que actualmente se trabaja de manera focalizada con las comunidades de la zona, mediante el uso de informaci\u00f3n de inteligencia criminal que permite implementar acciones efectivas.<\/p>\n\n\n\n<p>Subray\u00f3 que este tipo de reuniones con los responsables de la seguridad y la procuraci\u00f3n de justicia del estado vecino de Veracruz permiten consolidar la colaboraci\u00f3n interinstitucional y generar sinergias que incrementan la efectividad de las acciones conjuntas, en beneficio directo de la ciudadan\u00eda, al robustecer las capacidades de prevenci\u00f3n, acci\u00f3n y reacci\u00f3n frente al fen\u00f3meno delictivo.<\/p>\n\n\n\n<p>El Fiscal de Oaxaca se\u00f1al\u00f3 que mejorar los resultados en la prevenci\u00f3n y atenci\u00f3n de delitos de alto impacto es una prioridad para la instituci\u00f3n, por lo que la construcci\u00f3n de v\u00ednculos s\u00f3lidos entre instituciones se traduce en un trabajo coordinado que atiende no solo los delitos, sino tambi\u00e9n las causas estructurales, particularmente en materia de seguridad y procuraci\u00f3n de justicia.<\/p>\n","protected":false},"excerpt":{"rendered":"<p>Redacci\u00f3n\/Zona Roja.&nbsp; Oaxaca, Oax., a&nbsp; 23 de enero de 2026.-&nbsp; El Fiscal General del Estado&hellip;<\/p>\n","protected":false},"author":2,"featured_media":89387,"comment_status":"closed","ping_status":"open","sticky":false,"template":"","format":"standard","meta":{"_lmt_disableupdate":"","_lmt_disable":"","_jetpack_memberships_contains_paid_content":false,"footnotes":""},"categories":[109,46],"tags":[494],"class_list":["post-89386","post","type-post","status-publish","format-standard","has-post-thumbnail","hentry","category-minuto-a-minuto","category-zona-blanca","tag-fiscalia-general-del-estado-de-oaxaca"],"jetpack_featured_media_url":"https:\/\/zonaroja.com.mx\/wp-content\/uploads\/2026\/01\/Fiscal-de-Oaxaca-Bernardo-Rodriguez-y-fiscal-Veracruz.jpeg","jetpack_sharing_enabled":true,"_links":{"self":[{"href":"https:\/\/zonaroja.com.mx\/index.php?rest_route=\/wp\/v2\/posts\/89386","targetHints":{"allow":["GET"]}}],"collection":[{"href":"https:\/\/zonaroja.com.mx\/index.php?rest_route=\/wp\/v2\/posts"}],"about":[{"href":"https:\/\/zonaroja.com.mx\/index.php?rest_route=\/wp\/v2\/types\/post"}],"author":[{"embeddable":true,"href":"https:\/\/zonaroja.com.mx\/index.php?rest_route=\/wp\/v2\/users\/2"}],"replies":[{"embeddable":true,"href":"https:\/\/zonaroja.com.mx\/index.php?rest_route=%2Fwp%2Fv2%2Fcomments&post=89386"}],"version-history":[{"count":1,"href":"https:\/\/zonaroja.com.mx\/index.php?rest_route=\/wp\/v2\/posts\/89386\/revisions"}],"predecessor-version":[{"id":89388,"href":"https:\/\/zonaroja.com.mx\/index.php?rest_route=\/wp\/v2\/posts\/89386\/revisions\/89388"}],"wp:featuredmedia":[{"embeddable":true,"href":"https:\/\/zonaroja.com.mx\/index.php?rest_route=\/wp\/v2\/media\/89387"}],"wp:attachment":[{"href":"https:\/\/zonaroja.com.mx\/index.php?rest_route=%2Fwp%2Fv2%2Fmedia&parent=89386"}],"wp:term":[{"taxonomy":"category","embeddable":true,"href":"https:\/\/zonaroja.com.mx\/index.php?rest_route=%2Fwp%2Fv2%2Fcategories&post=89386"},{"taxonomy":"post_tag","embeddable":true,"href":"https:\/\/zonaroja.com.mx\/index.php?rest_route=%2Fwp%2Fv2%2Ftags&post=89386"}],"curies":[{"name":"wp","href":"https:\/\/api.w.org\/{rel}","templated":true}]}}