{"id":89389,"date":"2026-01-23T10:21:00","date_gmt":"2026-01-23T16:21:00","guid":{"rendered":"https:\/\/zonaroja.com.mx\/?p=89389"},"modified":"2026-01-23T08:26:21","modified_gmt":"2026-01-23T14:26:21","slug":"detienen-en-el-istmo-de-oaxaca-a-lider-criminal-del-cartel-jalisco","status":"publish","type":"post","link":"https:\/\/zonaroja.com.mx\/?p=89389","title":{"rendered":"Detienen en el Istmo de Oaxaca a l\u00edder criminal del C\u00e1rtel Jalisco"},"content":{"rendered":"\n<p>Redacci\u00f3n\/Zona Roja.<\/p>\n\n\n\n<p>Oaxaca, Oax., a 23 de enero de 2026.- La Fiscal\u00eda General del Estado de Oaxaca (FGEO) obtuvo auto de vinculaci\u00f3n a proceso y prisi\u00f3n contra una persona del sexo masculino, identificada como J.F.G.O. o J.A.A., por delitos contra la salud y contra la seguridad del Estado.<\/p>\n\n\n\n<p>El imputado estar\u00eda vinculado con la comisi\u00f3n de delitos de alto impacto, entre ellos huachicol, extorsi\u00f3n, robo y homicidio, y es identificado como jefe de plaza de un grupo criminal que opera en Mat\u00edas Romero Avenda\u00f1o, en la regi\u00f3n del Istmo de Tehuantepec.<\/p>\n\n\n\n<p>La detenci\u00f3n se realiz\u00f3 derivado de los resultados de un trabajo de inteligencia criminal que permiti\u00f3 desplegar un operativo conjunto entre la Fiscal\u00eda de Oaxaca, a trav\u00e9s de la Agencia Estatal de Investigaciones (AEI), junto con Secretar\u00eda de Marina y la Polic\u00eda Municipal.<\/p>\n\n\n\n<p>Los elementos de seguridad interceptaron una camioneta cerrada marca Ford, color blanco, tras una persecuci\u00f3n. Al detener el veh\u00edculo, el conductor descendi\u00f3 de la unidad, momento en el que los agentes observaron diversos casquillos percutidos en el \u00e1rea del parabrisas, as\u00ed como varias bolsas transparentes con coca\u00edna en el interior del veh\u00edculo.<\/p>\n\n\n\n<p>El hombre fue detenido y puesto a disposici\u00f3n de la autoridad competente para definir su situaci\u00f3n legal.<\/p>\n\n\n\n<p>Derivado de los an\u00e1lisis de inteligencia, la Fiscal\u00eda de Oaxaca estableci\u00f3 que J.F.G.O. o J.A.A. es l\u00edder de una c\u00e9lula delictiva dedicada al robo y traslado ilegal de combustible, actividad conocida como huachicol, que operaba en el municipio de Mat\u00edas Romero.<\/p>\n\n\n\n<p>Por esos hechos en diciembre de 2025, fueron detenidas tres personas, identificadas como R.J.G.E. y R.J.G.L. -padre e hijo, originarios de Cuernavaca, Morelos- as\u00ed como E.S.V., quienes operaban bajo la fachada de una asociaci\u00f3n de transportistas, aunque en realidad se dedicaban a la extracci\u00f3n y transporte ilegal de hidrocarburos.<\/p>\n\n\n\n<p>Asimismo, las actividades delictivas vinculadas a J.F.G.O. o J.A.A., estar\u00edan relacionadas con la detenci\u00f3n de J.B.T.G.E., alias \u201cEl Tl\u00e1loc\u201d, quien fue capturado en abril de 2025 y actualmente se encuentra sujeto a proceso penal por delitos de extorsi\u00f3n, huachicol, robo y homicidio.<\/p>\n\n\n\n<p>Las investigaciones ministeriales revelan que ambas estructuras delictivas manten\u00edan v\u00ednculos operativos en la regi\u00f3n del Istmo. De igual forma, las indagatorias establecen que el detenido tendr\u00eda relaci\u00f3n con el C\u00e1rtel de Jalisco Nueva Generaci\u00f3n (CJNG).<\/p>\n\n\n\n<p>Tras valorar los datos de prueba presentados por la FGEO, el Juez de la Causa dict\u00f3 auto de vinculaci\u00f3n a proceso en contra de J.F.G.O. o J.A.A., imponiendo como medida cautelar la prisi\u00f3n preventiva justificada y otorgando un plazo de dos meses para el cierre de la investigaci\u00f3n complementaria.<\/p>\n","protected":false},"excerpt":{"rendered":"<p>Redacci\u00f3n\/Zona Roja. Oaxaca, Oax., a 23 de enero de 2026.- La Fiscal\u00eda General del Estado&hellip;<\/p>\n","protected":false},"author":2,"featured_media":89390,"comment_status":"closed","ping_status":"open","sticky":false,"template":"","format":"standard","meta":{"_lmt_disableupdate":"","_lmt_disable":"","_jetpack_memberships_contains_paid_content":false,"footnotes":""},"categories":[109,46],"tags":[494],"class_list":["post-89389","post","type-post","status-publish","format-standard","has-post-thumbnail","hentry","category-minuto-a-minuto","category-zona-blanca","tag-fiscalia-general-del-estado-de-oaxaca"],"jetpack_featured_media_url":"https:\/\/zonaroja.com.mx\/wp-content\/uploads\/2026\/01\/Fiscalia-lider-cartel-jalisco-Matias-Romero-Oaxaca.jpg","jetpack_sharing_enabled":true,"_links":{"self":[{"href":"https:\/\/zonaroja.com.mx\/index.php?rest_route=\/wp\/v2\/posts\/89389","targetHints":{"allow":["GET"]}}],"collection":[{"href":"https:\/\/zonaroja.com.mx\/index.php?rest_route=\/wp\/v2\/posts"}],"about":[{"href":"https:\/\/zonaroja.com.mx\/index.php?rest_route=\/wp\/v2\/types\/post"}],"author":[{"embeddable":true,"href":"https:\/\/zonaroja.com.mx\/index.php?rest_route=\/wp\/v2\/users\/2"}],"replies":[{"embeddable":true,"href":"https:\/\/zonaroja.com.mx\/index.php?rest_route=%2Fwp%2Fv2%2Fcomments&post=89389"}],"version-history":[{"count":1,"href":"https:\/\/zonaroja.com.mx\/index.php?rest_route=\/wp\/v2\/posts\/89389\/revisions"}],"predecessor-version":[{"id":89391,"href":"https:\/\/zonaroja.com.mx\/index.php?rest_route=\/wp\/v2\/posts\/89389\/revisions\/89391"}],"wp:featuredmedia":[{"embeddable":true,"href":"https:\/\/zonaroja.com.mx\/index.php?rest_route=\/wp\/v2\/media\/89390"}],"wp:attachment":[{"href":"https:\/\/zonaroja.com.mx\/index.php?rest_route=%2Fwp%2Fv2%2Fmedia&parent=89389"}],"wp:term":[{"taxonomy":"category","embeddable":true,"href":"https:\/\/zonaroja.com.mx\/index.php?rest_route=%2Fwp%2Fv2%2Fcategories&post=89389"},{"taxonomy":"post_tag","embeddable":true,"href":"https:\/\/zonaroja.com.mx\/index.php?rest_route=%2Fwp%2Fv2%2Ftags&post=89389"}],"curies":[{"name":"wp","href":"https:\/\/api.w.org\/{rel}","templated":true}]}}