{"id":8939,"date":"2020-02-19T08:27:07","date_gmt":"2020-02-19T14:27:07","guid":{"rendered":"http:\/\/www.zonaroja.com.mx\/?p=8939"},"modified":"2020-02-19T08:27:11","modified_gmt":"2020-02-19T14:27:11","slug":"rinde-protesta-nuevo-magistrado-del-tribunal-superior-de-justicia-de-oaxaca","status":"publish","type":"post","link":"https:\/\/zonaroja.com.mx\/?p=8939","title":{"rendered":"Rinde protesta nuevo magistrado del Tribunal Superior de Justicia de Oaxaca"},"content":{"rendered":"\n<p>Redacci\u00f3n\/Zona Roja.<\/p>\n\n\n\n<p>Oaxaca de Ju\u00e1rez, Oax., 19 de febrero\nde 2020.- En sesi\u00f3n solemne de pleno del Tribunal Superior de Justicia del\nEstado, el magistrado presidente Eduardo Pinacho S\u00e1nchez, realiz\u00f3 la toma de\nprotesta e investidura con la toga, al nuevo integrante de este \u00f3rgano\ncolegiado, \u00c1ngel Alejo Torres.<\/p>\n\n\n\n<p>En presencia de las y los magistrados\nque integran las diferentes salas, el titular del Poder Judicial dio la\nbienvenida a quien conforme lo establecido en el art\u00edculo 102 de la\nConstituci\u00f3n Pol\u00edtica del Estado Libre y Soberano de Oaxaca, fue designado para\nocupar esta responsabilidad p\u00fablica.<\/p>\n\n\n\n<p>El magistrado presidente destac\u00f3 que\n\u00e9sta es un s\u00edmbolo de la dignidad de quienes forman parte de la magistratura.\n\u201cEstamos convencidos que usted honrar\u00e1 su cargo, desempe\u00f1ando su labor en los\nt\u00e9rminos que marca el Estado\u201d, dijo.<\/p>\n\n\n\n<p>Por su parte, el Magistrado Alejo\nTorres -quien el pasado 12 de febrero tomara protesta ante el gobernador\nAlejandro Murat Hinojosa, de acuerdo a las facultades que lo otorga la\nConstituci\u00f3n-, se comprometi\u00f3 a asumir los deberes de su cargo con\nresponsabilidad, a respetar y hacer cumplir la Carta Magna, as\u00ed como considerar\nlas dem\u00e1s leyes y tratados que garanticen la efectiva impartici\u00f3n de justicia\npara los oaxaque\u00f1os.<\/p>\n\n\n\n<p>Reconoci\u00f3 la importancia de contar con\nuna comprobada honorabilidad, valores, competencia y antecedentes en el\ndesempe\u00f1o profesional, como parte de los requerimientos para calificar al\ncargo, por lo que expres\u00f3 su compromiso por fundamentar su labor en los m\u00e1s\naltos valores, para servir a los y las ciudadanas.<\/p>\n\n\n\n<p>La designaci\u00f3n del cargo del Magistrado\n\u00c1ngel Alejo Torres se llev\u00f3 a cabo como parte de un proceso de selecci\u00f3n\nderivado de la convocatoria p\u00fablica emitida por el titular del Poder Ejecutivo,\npublicada en el Peri\u00f3dico Oficial del Gobierno del Estado, el 17 de julio de\n2019, en la que participaron y fueron evaluados 21 abogados aspirantes, entre\nlos que se encontraban juezas, jueces, servidoras y servidores p\u00fablicos\njudiciales, abogadas y abogados litigantes.<\/p>\n\n\n\n<p>Tiene una reconocida trayectoria en la\nabogac\u00eda y en su desempe\u00f1o profesional ha ocupado diferentes cargos p\u00fablicos.<\/p>\n","protected":false},"excerpt":{"rendered":"<p>Redacci\u00f3n\/Zona Roja. Oaxaca de Ju\u00e1rez, Oax., 19 de febrero de 2020.- En sesi\u00f3n solemne de&hellip;<\/p>\n","protected":false},"author":2,"featured_media":8941,"comment_status":"closed","ping_status":"open","sticky":false,"template":"","format":"standard","meta":{"_lmt_disableupdate":"","_lmt_disable":"","_jetpack_memberships_contains_paid_content":false,"footnotes":""},"categories":[109,46],"tags":[1225,1369],"class_list":["post-8939","post","type-post","status-publish","format-standard","has-post-thumbnail","hentry","category-minuto-a-minuto","category-zona-blanca","tag-eduardo-pinacho-sanchez","tag-tribunal-superior-de-justicia-de-oaxacatsejo"],"jetpack_featured_media_url":"https:\/\/zonaroja.com.mx\/wp-content\/uploads\/2020\/02\/\u00c1ngel-Alejo-Torres-2.jpg","jetpack_sharing_enabled":true,"_links":{"self":[{"href":"https:\/\/zonaroja.com.mx\/index.php?rest_route=\/wp\/v2\/posts\/8939","targetHints":{"allow":["GET"]}}],"collection":[{"href":"https:\/\/zonaroja.com.mx\/index.php?rest_route=\/wp\/v2\/posts"}],"about":[{"href":"https:\/\/zonaroja.com.mx\/index.php?rest_route=\/wp\/v2\/types\/post"}],"author":[{"embeddable":true,"href":"https:\/\/zonaroja.com.mx\/index.php?rest_route=\/wp\/v2\/users\/2"}],"replies":[{"embeddable":true,"href":"https:\/\/zonaroja.com.mx\/index.php?rest_route=%2Fwp%2Fv2%2Fcomments&post=8939"}],"version-history":[{"count":1,"href":"https:\/\/zonaroja.com.mx\/index.php?rest_route=\/wp\/v2\/posts\/8939\/revisions"}],"predecessor-version":[{"id":8942,"href":"https:\/\/zonaroja.com.mx\/index.php?rest_route=\/wp\/v2\/posts\/8939\/revisions\/8942"}],"wp:featuredmedia":[{"embeddable":true,"href":"https:\/\/zonaroja.com.mx\/index.php?rest_route=\/wp\/v2\/media\/8941"}],"wp:attachment":[{"href":"https:\/\/zonaroja.com.mx\/index.php?rest_route=%2Fwp%2Fv2%2Fmedia&parent=8939"}],"wp:term":[{"taxonomy":"category","embeddable":true,"href":"https:\/\/zonaroja.com.mx\/index.php?rest_route=%2Fwp%2Fv2%2Fcategories&post=8939"},{"taxonomy":"post_tag","embeddable":true,"href":"https:\/\/zonaroja.com.mx\/index.php?rest_route=%2Fwp%2Fv2%2Ftags&post=8939"}],"curies":[{"name":"wp","href":"https:\/\/api.w.org\/{rel}","templated":true}]}}