{"id":89393,"date":"2026-01-23T19:52:57","date_gmt":"2026-01-24T01:52:57","guid":{"rendered":"https:\/\/zonaroja.com.mx\/?p=89393"},"modified":"2026-01-23T19:52:59","modified_gmt":"2026-01-24T01:52:59","slug":"otra-vez-juchitan-matan-a-balazos-a-una-pareja","status":"publish","type":"post","link":"https:\/\/zonaroja.com.mx\/?p=89393","title":{"rendered":"Otra vez Juchit\u00e1n: matan a balazos a una pareja"},"content":{"rendered":"\n<p>Raymundo Morales\/Zona Roja.<\/p>\n\n\n\n<p>Oaxaca, Oax., a 23 de enero de 2025.- De nueva cuenta, la violencia criminal toc\u00f3 a Juchit\u00e1n de Zaragoza.<\/p>\n\n\n\n<p>La ma\u00f1ana de este viernes, un hombre y una mujer fueron asesinados a balazos en el interior de un veh\u00edculo; hasta esta noche, la pareja no ha sido identificada.<\/p>\n\n\n\n<p>El hallazgo ocurri\u00f3 en inmediaciones de la colonia Zapoteca, en la Octava Secci\u00f3n Cheguigo.<\/p>\n\n\n\n<p>En el interior de un coche color azul, marca Volkswagen, sin placas de circulaci\u00f3n, fueron localizados dos cuerpos, con m\u00faltiples impactos de arma de fuego.<\/p>\n\n\n\n<p>Personal policiaco lleg\u00f3 de inmediato a la escena del crimen, para resguardar el \u00e1rea; hasta el momento se desconocen las causas por las cuales fueron acribillados.<\/p>\n\n\n\n<p>La Vicefiscal\u00eda Regional del Istmo, dependiente de la Fiscal\u00eda General del Estado de Oaxaca, contin\u00faa con las indagatorias y a\u00fan no ha logrado dar con la identidad de las v\u00edctimas y del o de los probables agresores armados.<\/p>\n","protected":false},"excerpt":{"rendered":"<p>Raymundo Morales\/Zona Roja. Oaxaca, Oax., a 23 de enero de 2025.- De nueva cuenta, la&hellip;<\/p>\n","protected":false},"author":2,"featured_media":89394,"comment_status":"closed","ping_status":"open","sticky":false,"template":"","format":"standard","meta":{"_lmt_disableupdate":"","_lmt_disable":"","_jetpack_memberships_contains_paid_content":false,"footnotes":""},"categories":[109,51],"tags":[1604],"class_list":["post-89393","post","type-post","status-publish","format-standard","has-post-thumbnail","hentry","category-minuto-a-minuto","category-zona-roja","tag-asesinan-a-mujer-en-juchitan"],"jetpack_featured_media_url":"https:\/\/zonaroja.com.mx\/wp-content\/uploads\/2026\/01\/Ejecutados-pareja-Juchitan.jpg","jetpack_sharing_enabled":true,"_links":{"self":[{"href":"https:\/\/zonaroja.com.mx\/index.php?rest_route=\/wp\/v2\/posts\/89393","targetHints":{"allow":["GET"]}}],"collection":[{"href":"https:\/\/zonaroja.com.mx\/index.php?rest_route=\/wp\/v2\/posts"}],"about":[{"href":"https:\/\/zonaroja.com.mx\/index.php?rest_route=\/wp\/v2\/types\/post"}],"author":[{"embeddable":true,"href":"https:\/\/zonaroja.com.mx\/index.php?rest_route=\/wp\/v2\/users\/2"}],"replies":[{"embeddable":true,"href":"https:\/\/zonaroja.com.mx\/index.php?rest_route=%2Fwp%2Fv2%2Fcomments&post=89393"}],"version-history":[{"count":1,"href":"https:\/\/zonaroja.com.mx\/index.php?rest_route=\/wp\/v2\/posts\/89393\/revisions"}],"predecessor-version":[{"id":89395,"href":"https:\/\/zonaroja.com.mx\/index.php?rest_route=\/wp\/v2\/posts\/89393\/revisions\/89395"}],"wp:featuredmedia":[{"embeddable":true,"href":"https:\/\/zonaroja.com.mx\/index.php?rest_route=\/wp\/v2\/media\/89394"}],"wp:attachment":[{"href":"https:\/\/zonaroja.com.mx\/index.php?rest_route=%2Fwp%2Fv2%2Fmedia&parent=89393"}],"wp:term":[{"taxonomy":"category","embeddable":true,"href":"https:\/\/zonaroja.com.mx\/index.php?rest_route=%2Fwp%2Fv2%2Fcategories&post=89393"},{"taxonomy":"post_tag","embeddable":true,"href":"https:\/\/zonaroja.com.mx\/index.php?rest_route=%2Fwp%2Fv2%2Ftags&post=89393"}],"curies":[{"name":"wp","href":"https:\/\/api.w.org\/{rel}","templated":true}]}}