{"id":89396,"date":"2026-01-23T20:26:47","date_gmt":"2026-01-24T02:26:47","guid":{"rendered":"https:\/\/zonaroja.com.mx\/?p=89396"},"modified":"2026-01-23T20:26:50","modified_gmt":"2026-01-24T02:26:50","slug":"tira-el-tribunal-electoral-la-eleccion-de-santa-maria-apazco","status":"publish","type":"post","link":"https:\/\/zonaroja.com.mx\/?p=89396","title":{"rendered":"\u201cTira\u201d el Tribunal Electoral la elecci\u00f3n de Santa Mar\u00eda Apazco"},"content":{"rendered":"\n<p>Redacci\u00f3n\/Zona Roja.&nbsp;<\/p>\n\n\n\n<p>Oaxaca, Oax., 23 de enero de 2026.- El Tribunal Electoral de Estado de Oaxaca (TEEO), revoc\u00f3 el acuerdo por el que el Instituto Electoral valid\u00f3 la elecci\u00f3n del ayuntamiento de Santa Mar\u00eda Apazco.<\/p>\n\n\n\n<p>El TEEO celebr\u00f3 sesi\u00f3n p\u00fablica en la que resolvi\u00f3 el Juicio Electoral de los Sistemas Normativos Internos identificado con la clave: JNI\/22\/2026 y acumulados, mediante el cual ciudadanos del municipio de Santa Mar\u00eda Apazco, se inconformaron contra el acuerdo del Consejo General del IEEPCO que declar\u00f3 jur\u00eddicamente v\u00e1lida la elecci\u00f3n ordinaria del ayuntamiento.<\/p>\n\n\n\n<p>Al observar que no existi\u00f3 una convocatoria v\u00e1lida y eficaz para la integraci\u00f3n del Comit\u00e9 Electoral Comunitario, as\u00ed como tampoco se convoc\u00f3 a la Asamblea General Comunitaria como lo exige el m\u00e9todo de elecci\u00f3n de Santa Mar\u00eda Apazco, el TEEO revoc\u00f3 el acuerdo impugnado para efecto de verificar una elecci\u00f3n extraordinaria en la que se elegir\u00e1 a las Concejal\u00edas para el per\u00edodo 2026-2028.<\/p>\n\n\n\n<p>Durante la sesi\u00f3n fueron resueltos: dos Juicios para la Protecci\u00f3n de los Derechos Pol\u00edtico Electorales de la Ciudadan\u00eda (JDC), siete Juicios para la Protecci\u00f3n de los Derechos Pol\u00edtico Electorales de la Ciudadan\u00eda en el R\u00e9gimen de los Sistemas Normativos Internos (JDCI), un Procedimiento Especial Sancionador (PES) y un Juicio Electoral de los Sistemas Normativos Internos.<\/p>\n\n\n\n<p>Entre lo resuelto en la Sesi\u00f3n, en el expediente PES\/22\/2025, se determin\u00f3 la inexistencia de la violencia pol\u00edtica contra las mujeres por raz\u00f3n de g\u00e9nero, al no acreditarse elementos de g\u00e9nero, ni afectaci\u00f3n a los derechos pol\u00edtico-electorales de la denunciante.<\/p>\n\n\n\n<p>En otro asunto, identificado con la clave JDC\/16\/2026, se vincul\u00f3 al Consejo General para que, en un pr\u00f3ximo procedimiento de revocaci\u00f3n de mandato y con la debida anticipaci\u00f3n, realice las gestiones institucionales necesarias ante el INE, a fin de analizar y, en su caso, implementar mecanismos que permitan la participaci\u00f3n de personas residentes en el extranjero.<\/p>\n","protected":false},"excerpt":{"rendered":"<p>Redacci\u00f3n\/Zona Roja.&nbsp; Oaxaca, Oax., 23 de enero de 2026.- El Tribunal Electoral de Estado de&hellip;<\/p>\n","protected":false},"author":2,"featured_media":88555,"comment_status":"closed","ping_status":"open","sticky":false,"template":"","format":"standard","meta":{"_lmt_disableupdate":"","_lmt_disable":"","_jetpack_memberships_contains_paid_content":false,"footnotes":""},"categories":[109,46],"tags":[3835],"class_list":["post-89396","post","type-post","status-publish","format-standard","has-post-thumbnail","hentry","category-minuto-a-minuto","category-zona-blanca","tag-santa-maria-apazco"],"jetpack_featured_media_url":"https:\/\/zonaroja.com.mx\/wp-content\/uploads\/2025\/12\/Conferencia-de-prensa-Santa-Maria-Apazco-edil-electo.jpg","jetpack_sharing_enabled":true,"_links":{"self":[{"href":"https:\/\/zonaroja.com.mx\/index.php?rest_route=\/wp\/v2\/posts\/89396","targetHints":{"allow":["GET"]}}],"collection":[{"href":"https:\/\/zonaroja.com.mx\/index.php?rest_route=\/wp\/v2\/posts"}],"about":[{"href":"https:\/\/zonaroja.com.mx\/index.php?rest_route=\/wp\/v2\/types\/post"}],"author":[{"embeddable":true,"href":"https:\/\/zonaroja.com.mx\/index.php?rest_route=\/wp\/v2\/users\/2"}],"replies":[{"embeddable":true,"href":"https:\/\/zonaroja.com.mx\/index.php?rest_route=%2Fwp%2Fv2%2Fcomments&post=89396"}],"version-history":[{"count":1,"href":"https:\/\/zonaroja.com.mx\/index.php?rest_route=\/wp\/v2\/posts\/89396\/revisions"}],"predecessor-version":[{"id":89397,"href":"https:\/\/zonaroja.com.mx\/index.php?rest_route=\/wp\/v2\/posts\/89396\/revisions\/89397"}],"wp:featuredmedia":[{"embeddable":true,"href":"https:\/\/zonaroja.com.mx\/index.php?rest_route=\/wp\/v2\/media\/88555"}],"wp:attachment":[{"href":"https:\/\/zonaroja.com.mx\/index.php?rest_route=%2Fwp%2Fv2%2Fmedia&parent=89396"}],"wp:term":[{"taxonomy":"category","embeddable":true,"href":"https:\/\/zonaroja.com.mx\/index.php?rest_route=%2Fwp%2Fv2%2Fcategories&post=89396"},{"taxonomy":"post_tag","embeddable":true,"href":"https:\/\/zonaroja.com.mx\/index.php?rest_route=%2Fwp%2Fv2%2Ftags&post=89396"}],"curies":[{"name":"wp","href":"https:\/\/api.w.org\/{rel}","templated":true}]}}