{"id":89398,"date":"2026-01-23T21:15:43","date_gmt":"2026-01-24T03:15:43","guid":{"rendered":"https:\/\/zonaroja.com.mx\/?p=89398"},"modified":"2026-01-23T21:15:45","modified_gmt":"2026-01-24T03:15:45","slug":"asesinan-a-pareja-de-interpretes-de-senas-y-a-su-hija-en-michoacan","status":"publish","type":"post","link":"https:\/\/zonaroja.com.mx\/?p=89398","title":{"rendered":"Asesinan a pareja de int\u00e9rpretes de se\u00f1as y a su hija en Michoac\u00e1n"},"content":{"rendered":"\n<p>Redacci\u00f3n\/Zona Roja Cdmx.<\/p>\n\n\n\n<p>(Informaci\u00f3n de XEVT 104.1 FM)<\/p>\n\n\n\n<p>Ciudad de M\u00e9xico, a 23 de enero de 2026.- Una pareja de int\u00e9rpretes de se\u00f1as y su hija adolescente fueron asesinados y sus cuerpos calcinados, sobre la autopista M\u00e9xico-Morelia-Guadalajara.<\/p>\n\n\n\n<p>De acuerdo con la Fiscal\u00eda General del Estado de Michoac\u00e1n, los cad\u00e1veres fueron encontrados el pasado s\u00e1bado en el poblado de Ucareo, del municipio de Zinap\u00e9cuaro, a 60 kil\u00f3metros de Morelia, y enviados al Servicio M\u00e9dico Forense (SEMEFO).<\/p>\n\n\n\n<p>Las v\u00edctimas fueron identificadas el pasado jueves como V\u00edctor Manuel M.V., Anayeli H.L. y su hija de iniciales M.E. M.H.; la pareja era conocida por trabajar como int\u00e9rpretes de lengua de se\u00f1as en el Congreso y para el Gobierno de Michoac\u00e1n, as\u00ed como en otro tipo de eventos p\u00fablicos.<\/p>\n\n\n\n<p>Adem\u00e1s, ambos brindaban sus servicios como int\u00e9rpretes de se\u00f1as en el equipo del exdiputado local de Morena, V\u00edctor Zurita, primer legislador sordo en el estado.<\/p>\n\n\n\n<p>Medios nacionales reportan que la familia habr\u00eda desaparecido el 14 de enero en la colonia Ex Hacienda La Huerta, al sur de Morelia, por lo que sus familiares acudieron a la fiscal\u00eda a denunciar el caso.<\/p>\n\n\n\n<p>La FGE sostuvo que contin\u00faa con la integraci\u00f3n de la carpeta de investigaci\u00f3n y la realizaci\u00f3n de los actos ministeriales correspondientes, para esclarecer los hechos.<\/p>\n","protected":false},"excerpt":{"rendered":"<p>Redacci\u00f3n\/Zona Roja Cdmx. (Informaci\u00f3n de XEVT 104.1 FM) Ciudad de M\u00e9xico, a 23 de enero&hellip;<\/p>\n","protected":false},"author":2,"featured_media":89399,"comment_status":"closed","ping_status":"open","sticky":false,"template":"","format":"standard","meta":{"_lmt_disableupdate":"","_lmt_disable":"","_jetpack_memberships_contains_paid_content":false,"footnotes":""},"categories":[109,47],"tags":[4511],"class_list":["post-89398","post","type-post","status-publish","format-standard","has-post-thumbnail","hentry","category-minuto-a-minuto","category-zona-gris","tag-violencia-en-michoacan"],"jetpack_featured_media_url":"https:\/\/zonaroja.com.mx\/wp-content\/uploads\/2026\/01\/Familia-desaparecida-y-asesinada-en-Michoacan.webp","jetpack_sharing_enabled":true,"_links":{"self":[{"href":"https:\/\/zonaroja.com.mx\/index.php?rest_route=\/wp\/v2\/posts\/89398","targetHints":{"allow":["GET"]}}],"collection":[{"href":"https:\/\/zonaroja.com.mx\/index.php?rest_route=\/wp\/v2\/posts"}],"about":[{"href":"https:\/\/zonaroja.com.mx\/index.php?rest_route=\/wp\/v2\/types\/post"}],"author":[{"embeddable":true,"href":"https:\/\/zonaroja.com.mx\/index.php?rest_route=\/wp\/v2\/users\/2"}],"replies":[{"embeddable":true,"href":"https:\/\/zonaroja.com.mx\/index.php?rest_route=%2Fwp%2Fv2%2Fcomments&post=89398"}],"version-history":[{"count":1,"href":"https:\/\/zonaroja.com.mx\/index.php?rest_route=\/wp\/v2\/posts\/89398\/revisions"}],"predecessor-version":[{"id":89400,"href":"https:\/\/zonaroja.com.mx\/index.php?rest_route=\/wp\/v2\/posts\/89398\/revisions\/89400"}],"wp:featuredmedia":[{"embeddable":true,"href":"https:\/\/zonaroja.com.mx\/index.php?rest_route=\/wp\/v2\/media\/89399"}],"wp:attachment":[{"href":"https:\/\/zonaroja.com.mx\/index.php?rest_route=%2Fwp%2Fv2%2Fmedia&parent=89398"}],"wp:term":[{"taxonomy":"category","embeddable":true,"href":"https:\/\/zonaroja.com.mx\/index.php?rest_route=%2Fwp%2Fv2%2Fcategories&post=89398"},{"taxonomy":"post_tag","embeddable":true,"href":"https:\/\/zonaroja.com.mx\/index.php?rest_route=%2Fwp%2Fv2%2Ftags&post=89398"}],"curies":[{"name":"wp","href":"https:\/\/api.w.org\/{rel}","templated":true}]}}