{"id":89401,"date":"2026-01-23T21:21:19","date_gmt":"2026-01-24T03:21:19","guid":{"rendered":"https:\/\/zonaroja.com.mx\/?p=89401"},"modified":"2026-01-23T21:21:22","modified_gmt":"2026-01-24T03:21:22","slug":"familias-desplazadas-de-zona-mixe-desmienten-que-retorno-se-haya-concretado","status":"publish","type":"post","link":"https:\/\/zonaroja.com.mx\/?p=89401","title":{"rendered":"Familias desplazadas de zona Mixe desmienten que retorno se haya concretado"},"content":{"rendered":"\n<p>Lisbeth Mej\u00eda Reyes\/Zona Roja.<\/p>\n\n\n\n<p>Oaxaca, Oax., a 23 de enero de 2025.- Familias desplazadas de la agencia Guadalupe Victoria, perteneciente al municipio de San Juan Juquila Mixe, desmintieron que el retorno anunciado el 4 de noviembre por el gobierno de Oaxaca se haya concretado en condiciones de seguridad, de dignidad y de garant\u00edas a sus derechos humanos, pues siguen siendo revictimizadas y amenazadas.<\/p>\n\n\n\n<p>Este 23 de enero, en un pronunciamiento ante medios de comunicaci\u00f3n y desde la explanada de San Juan Juquila Mixe, las familias se\u00f1alaron que las promesas p\u00fablicas hechas por el gobierno estatal no se han cumplido, lo que evidencia \u00abuna grave falta de seriedad institucional\u00bb.<\/p>\n\n\n\n<p>Por ello exigieron la intervenci\u00f3n inmediata de las autoridades estatales y federales para garantizar el retorno de las 64 familias de manera masiva, inmediata y sin restricciones, ya que siguen padeciendo hambre, precariedad y la falta de una vivienda digna fuera de su comunidad de origen.<\/p>\n\n\n\n<p>\u00abEl coordinador de los delegados de paz, Donato Vargas, fue el encargado de la la planes t\u00e9cnica y log\u00edstica, siendo responsable de dejar mal el gobierno del estado por la falta de pericia necesaria para sacar acuerdos s\u00f3lidos e inquebrantables entre ambas comunidades para un retorno garantizado en todos los sentidos\u00bb, explicaron sobre el desplazamiento forzado que viven al menos desde el 2017 por un conflicto agrario con San Pedro Ocotepec.<\/p>\n\n\n\n<p>\u00abPersisten las intimidaciones, condicionamientos y amenazas por parte de personas plenamente identificadas del grupo disidente que pertenece a la agencia de Guadalupe Victoria, lo que ha generado entre la poblaci\u00f3n desplazada la percepci\u00f3n fundada de que el retorno anunciado careci\u00f3 de condiciones reales para garantizar una estancia segura y digna\u00bb, ahondaron.<\/p>\n\n\n\n<p>Asimismo, se\u00f1alaron que \u00abde las 471 personas v\u00edctimas de desplazamiento forzado que acudieron a revisar sus viviendas con el objetivo de iniciar su rehabilitaci\u00f3n, ninguna cont\u00f3 con las condiciones m\u00ednimas para permanecer en la comunidad limit\u00e1ndose \u00fanicamente a constatar el abandono y deterioro de sus viviendas\u00bb.<\/p>\n\n\n\n<p>En su pronunciamiento externaron que aunque se asegur\u00f3 que la asamblea general de Guadalupe Victoria hab\u00eda autorizado el retorno de las familias y que exist\u00edan acuerdos firmes para garantizar un retorno exitoso, esto \u00abnunca se materializ\u00f3 evidenciando la nula disposici\u00f3n del grupo disidente para construir acuerdos reales y eficaces\u00bb.<\/p>\n\n\n\n<figure class=\"wp-block-embed is-type-rich is-provider-twitter wp-block-embed-twitter\"><div class=\"wp-block-embed__wrapper\">\n<div class=\"twitter-tweet\"><blockquote class=\"twitter-tweet\" data-lang=\"es\"><p lang=\"es\" dir=\"ltr\"><a href=\"https:\/\/twitter.com\/hashtag\/AlMomento?src=hash&amp;ref_src=twsrc%5Etfw\">#AlMomento<\/a> <br>Desplazados de la comunidad de Guadalupe Victoria, municipio de San Juan Juquila Mixe, desmienten a la <a href=\"https:\/\/twitter.com\/CADH_GobOax?ref_src=twsrc%5Etfw\">@CADH_GobOax<\/a> del <a href=\"https:\/\/twitter.com\/GobOax?ref_src=twsrc%5Etfw\">@GobOax<\/a> que haya habido un retorno a su comunidad de origen, como se anunci\u00f3 en recientes semanas. <br>Escuche la declaraci\u00f3n que hicieron hoy a varios\u2026 <a href=\"https:\/\/t.co\/OcG0LR7wkP\">pic.twitter.com\/OcG0LR7wkP<\/a><\/p>&mdash; Zona Roja Oaxaca (@ZonaRoja_Oaxaca) <a href=\"https:\/\/twitter.com\/ZonaRoja_Oaxaca\/status\/2014848501859950632?ref_src=twsrc%5Etfw\">23 de enero de 2026<\/a><\/blockquote><\/div>\n<\/div><\/figure>\n\n\n\n<p>Las y los desplazados expresaron su estado de indefensi\u00f3n y el abuso sistem\u00e1tico de sus derechos humanos, al ser vulnerados por las autoridades estatales y federales en un retorno que se anunci\u00f3 \u00abcomo un plan detallado y con garant\u00edas suficientes\u00bb ante el &nbsp; Alto Comisionado de las Naciones Unidas para los Refugiado s (ACNUR).<\/p>\n\n\n\n<p>Los habitantes recordaron que fueron desplazados de manera forzada en dos ocasiones, la primera en enero de 2017; la segunda en agosto de 2024. Y sin que a la fecha se les haya garantizado una soluci\u00f3n integral, efectiva y con respeto a sus derechos humanos.<\/p>\n\n\n\n<p>El desplazamiento forzado se debe al conflicto agrario con la comunidad de San Pedro Ocotepec, cuyos representantes, \u00abmediante enga\u00f1os y estrategias de cooptaci\u00f3n usaron a un grupo disidente que se sustenta como l\u00edderes de Guadalupe Victoria, como instrumento y escudo, con el fin de justificar acciones que derivaron en violencia, desestabilizaci\u00f3n social y finalmente en nuestro desplazamiento forzado\u00bb.<\/p>\n\n\n\n<p>Los desplazados recordaron que San Pedro Ocotepec pretende ostentar una propiedad que no les corresponde vali\u00e9ndose del grupo disidente de Guadalupe Victoria. Pero tales tierras han sido ocupadas y trabajadas hist\u00f3ricamente por Guadalupe Victoria, explicaron.<\/p>\n\n\n\n<p>El pasado 4 de noviembre, al citar al gobernador Salom\u00f3n Jara, la administraci\u00f3n estatal dijo que este retorno era \u00abun acto hist\u00f3rico\u00bb y que el gobernador asegur\u00f3 a las familias que su administraci\u00f3n \u00abno abandonar\u00e1 nunca a Guadalupe Victoria\u201d.<\/p>\n\n\n\n<p>En su discurso, el mandatario inform\u00f3 que \u00aben marzo de 2023 inici\u00f3 el proceso de di\u00e1logo, realizando m\u00e1s de 60 encuentros con autoridades y v\u00edctimas, para alcanzar acuerdos como su retorno o reubicaci\u00f3n\u00bb, como parte de \u00abun proceso de construcci\u00f3n de paz y retorno asistido, digno y seguro para las familias\u00bb.<\/p>\n\n\n\n<p>En tanto, el titular de la Secretar\u00eda de Gobierno (Sego), Jes\u00fas Romero L\u00f3pez, destac\u00f3 que en este acto de reconciliaci\u00f3n, en el que 63 familias de un total de 168 se incorporan, se brindar\u00e1 el acompa\u00f1amiento del Estado y del Gobierno de Oaxaca para impulsar el progreso y la paz.<\/p>\n","protected":false},"excerpt":{"rendered":"<p>Lisbeth Mej\u00eda Reyes\/Zona Roja. Oaxaca, Oax., a 23 de enero de 2025.- Familias desplazadas de&hellip;<\/p>\n","protected":false},"author":2,"featured_media":89404,"comment_status":"closed","ping_status":"open","sticky":false,"template":"","format":"standard","meta":{"_lmt_disableupdate":"","_lmt_disable":"","_jetpack_memberships_contains_paid_content":false,"footnotes":""},"categories":[109,47],"tags":[4647,2822],"class_list":["post-89401","post","type-post","status-publish","format-standard","has-post-thumbnail","hentry","category-minuto-a-minuto","category-zona-gris","tag-desplazados-guadalupe-victoria","tag-san-juan-juquila-mixe"],"jetpack_featured_media_url":"https:\/\/zonaroja.com.mx\/wp-content\/uploads\/2026\/01\/Desplazados-Guadalupe-Victoria-Juquila-Mixe.jpg","jetpack_sharing_enabled":true,"_links":{"self":[{"href":"https:\/\/zonaroja.com.mx\/index.php?rest_route=\/wp\/v2\/posts\/89401","targetHints":{"allow":["GET"]}}],"collection":[{"href":"https:\/\/zonaroja.com.mx\/index.php?rest_route=\/wp\/v2\/posts"}],"about":[{"href":"https:\/\/zonaroja.com.mx\/index.php?rest_route=\/wp\/v2\/types\/post"}],"author":[{"embeddable":true,"href":"https:\/\/zonaroja.com.mx\/index.php?rest_route=\/wp\/v2\/users\/2"}],"replies":[{"embeddable":true,"href":"https:\/\/zonaroja.com.mx\/index.php?rest_route=%2Fwp%2Fv2%2Fcomments&post=89401"}],"version-history":[{"count":1,"href":"https:\/\/zonaroja.com.mx\/index.php?rest_route=\/wp\/v2\/posts\/89401\/revisions"}],"predecessor-version":[{"id":89405,"href":"https:\/\/zonaroja.com.mx\/index.php?rest_route=\/wp\/v2\/posts\/89401\/revisions\/89405"}],"wp:featuredmedia":[{"embeddable":true,"href":"https:\/\/zonaroja.com.mx\/index.php?rest_route=\/wp\/v2\/media\/89404"}],"wp:attachment":[{"href":"https:\/\/zonaroja.com.mx\/index.php?rest_route=%2Fwp%2Fv2%2Fmedia&parent=89401"}],"wp:term":[{"taxonomy":"category","embeddable":true,"href":"https:\/\/zonaroja.com.mx\/index.php?rest_route=%2Fwp%2Fv2%2Fcategories&post=89401"},{"taxonomy":"post_tag","embeddable":true,"href":"https:\/\/zonaroja.com.mx\/index.php?rest_route=%2Fwp%2Fv2%2Ftags&post=89401"}],"curies":[{"name":"wp","href":"https:\/\/api.w.org\/{rel}","templated":true}]}}