{"id":89406,"date":"2026-01-23T21:25:37","date_gmt":"2026-01-24T03:25:37","guid":{"rendered":"https:\/\/zonaroja.com.mx\/?p=89406"},"modified":"2026-01-23T21:25:39","modified_gmt":"2026-01-24T03:25:39","slug":"tras-protestas-steuabjo-aguarda-promesa-de-mesa-de-dialogo-con-rectoria-y-gobierno","status":"publish","type":"post","link":"https:\/\/zonaroja.com.mx\/?p=89406","title":{"rendered":"Tras protestas, STEUABJO aguarda promesa de mesa de di\u00e1logo con rector\u00eda y gobierno"},"content":{"rendered":"\n<p>Lisbeth Mej\u00eda Reyes\/Zona Roja.<\/p>\n\n\n\n<p>Oaxaca, Oax., a 23 de enero de 2026.- Luego de las protestas de las \u00faltimas dos semanas, el Sindicato de Trabajadores y Empleados de la Universidad Aut\u00f3noma \u201cBenito Ju\u00e1rez\u201d de Oaxaca (STEUABJO) concluy\u00f3 este viernes su movilizaci\u00f3n con la promesa de que la mesa de di\u00e1logo con el gobierno estatal y la rector\u00eda se retome el lunes 26 de enero.&nbsp;<\/p>\n\n\n\n<p>Es decir, despu\u00e9s de la jornada de consulta por la Revocaci\u00f3n de Mandato del gobernador Salom\u00f3n Jara Cruz.<\/p>\n\n\n\n<p>Este viernes, las y los sindicalizados de la universidad se concentraron en el z\u00f3calo de la ciudad, frente al Palacio de Gobierno, en respaldo a su representaci\u00f3n, que se reuni\u00f3 en mesa de di\u00e1logo con las autoridades.<\/p>\n\n\n\n<p>Sin embargo, al final solamente se les inform\u00f3 que el di\u00e1logo se retomar\u00e1 el lunes al mediod\u00eda, por lo que tendr\u00e1n que concentrarse nuevamente en este lugar.<\/p>\n\n\n\n<p>Las protestas del sindicato son para exigir a la rector\u00eda la revisi\u00f3n salarial, adem\u00e1s de las revisiones a las violaciones del contrato colectivo de trabajo&nbsp;<\/p>\n\n\n\n<p>El pasado 16 de enero, durante el paro de labores en Ciudad Universidad, Eulalia Cristina Gonz\u00e1lez Ramos, secretaria general del STEUABJO, detall\u00f3 que desde el 28 de noviembre de 2025 emplazaron al rector, Cristian Carre\u00f1o, para la revisi\u00f3n de sus demandas. Sin embargo, al carecer de respuestas decidieron realizar un paro de 12 horas y bloqueos.<\/p>\n\n\n\n<p>La protesta se retom\u00f3 el pasado lunes 19 con una marcha hacia hacia los juzgados laborales en la colonia Reforma, como parte de su emplazamiento a huelga del 1 de febrero.<\/p>\n\n\n\n<p>Este viernes el sindicato se volvi\u00f3 a movilizar en respaldo a la mesa de di\u00e1logo en Palacio de Gobierno, pero sin tener resultados favorables m\u00e1s all\u00e1 de la promesa de reanudar el di\u00e1logo el pr\u00f3ximo 26.<\/p>\n\n\n\n<p>SIGUEN PROTESTAS<\/p>\n\n\n\n<p>Por otra parte, por segundo d\u00eda, productores de ajonjol\u00ed bloquearon la carretera federal 200, a la altura del crucero a la localidad de Morro Mazat\u00e1n, Santo Domingo Tehuantepec, para exigir al gobierno su apoyo para lograr la venta de 200 toneladas de producto y el pago de precios justos estos.<\/p>\n\n\n\n<p>Tambi\u00e9n por segundo d\u00eda, un grupo de pobladores bloque\u00f3 la carretera federal 175 Oaxaca-Tuxtepec, a la altura de Vega del Sol, San Juan Bautista Valle Nacional.<\/p>\n\n\n\n<p>En tanto que en la capital oaxaque\u00f1a, presuntos normalistas se apoderaron de varios autobuses de transporte de pasajeros en la zona norte y con ellos se trasladaron a la caseta de peaje Huitzo de la supercarretera Oaxaca-Cuacnopalan, donde cobraron sus propias cuotas, sin que fueran molestados por las autoridades federales.<\/p>\n","protected":false},"excerpt":{"rendered":"<p>Lisbeth Mej\u00eda Reyes\/Zona Roja. Oaxaca, Oax., a 23 de enero de 2026.- Luego de las&hellip;<\/p>\n","protected":false},"author":2,"featured_media":89402,"comment_status":"closed","ping_status":"open","sticky":false,"template":"","format":"standard","meta":{"_lmt_disableupdate":"","_lmt_disable":"","_jetpack_memberships_contains_paid_content":false,"footnotes":""},"categories":[109,46],"tags":[305],"class_list":["post-89406","post","type-post","status-publish","format-standard","has-post-thumbnail","hentry","category-minuto-a-minuto","category-zona-blanca","tag-steuabjo"],"jetpack_featured_media_url":"https:\/\/zonaroja.com.mx\/wp-content\/uploads\/2026\/01\/Protesta-STEUABJO.jpg","jetpack_sharing_enabled":true,"_links":{"self":[{"href":"https:\/\/zonaroja.com.mx\/index.php?rest_route=\/wp\/v2\/posts\/89406","targetHints":{"allow":["GET"]}}],"collection":[{"href":"https:\/\/zonaroja.com.mx\/index.php?rest_route=\/wp\/v2\/posts"}],"about":[{"href":"https:\/\/zonaroja.com.mx\/index.php?rest_route=\/wp\/v2\/types\/post"}],"author":[{"embeddable":true,"href":"https:\/\/zonaroja.com.mx\/index.php?rest_route=\/wp\/v2\/users\/2"}],"replies":[{"embeddable":true,"href":"https:\/\/zonaroja.com.mx\/index.php?rest_route=%2Fwp%2Fv2%2Fcomments&post=89406"}],"version-history":[{"count":1,"href":"https:\/\/zonaroja.com.mx\/index.php?rest_route=\/wp\/v2\/posts\/89406\/revisions"}],"predecessor-version":[{"id":89407,"href":"https:\/\/zonaroja.com.mx\/index.php?rest_route=\/wp\/v2\/posts\/89406\/revisions\/89407"}],"wp:featuredmedia":[{"embeddable":true,"href":"https:\/\/zonaroja.com.mx\/index.php?rest_route=\/wp\/v2\/media\/89402"}],"wp:attachment":[{"href":"https:\/\/zonaroja.com.mx\/index.php?rest_route=%2Fwp%2Fv2%2Fmedia&parent=89406"}],"wp:term":[{"taxonomy":"category","embeddable":true,"href":"https:\/\/zonaroja.com.mx\/index.php?rest_route=%2Fwp%2Fv2%2Fcategories&post=89406"},{"taxonomy":"post_tag","embeddable":true,"href":"https:\/\/zonaroja.com.mx\/index.php?rest_route=%2Fwp%2Fv2%2Ftags&post=89406"}],"curies":[{"name":"wp","href":"https:\/\/api.w.org\/{rel}","templated":true}]}}