{"id":89410,"date":"2026-01-24T09:34:00","date_gmt":"2026-01-24T15:34:00","guid":{"rendered":"https:\/\/zonaroja.com.mx\/?p=89410"},"modified":"2026-01-24T06:36:03","modified_gmt":"2026-01-24T12:36:03","slug":"repunta-percepcion-de-inseguridad-en-la-capital-75-8-la-considera-insegura","status":"publish","type":"post","link":"https:\/\/zonaroja.com.mx\/?p=89410","title":{"rendered":"Repunta percepci\u00f3n de inseguridad en la capital; 75.8% la considera insegura\u00a0"},"content":{"rendered":"\n<p>Redacci\u00f3n\/Zona Roja.<\/p>\n\n\n\n<p>Lisbeth Mej\u00eda Reyes\/Zona Roja.<\/p>\n\n\n\n<p>Oaxaca, Oax., a 24 de enero de 2025.- Durante el \u00faltimo a\u00f1o, de diciembre de 2024 a diciembre de 2025, la ciudad de Oaxaca se ha vuelto m\u00e1s insegura, seg\u00fan la percepci\u00f3n de la ciudadan\u00eda, cuyas opiniones recoge la Encuesta Nacional de Seguridad P\u00fablica Urbana (ENSU), del Instituto Nacional de Estad\u00edstica y Geograf\u00eda (Inegi).<\/p>\n\n\n\n<p>Este 23 de enero, la ENSU public\u00f3 sus m\u00e1s recientes resultados correspondientes al cuarto trimestre del 2025, en el que el 75.8 por ciento de la ciudadan\u00eda considera insegura a la capital y a otros municipios conurbados.<\/p>\n\n\n\n<p>Con base en esto se observa que la percepci\u00f3n de inseguridad aument\u00f3, pues en diciembre de 2024, en la pasada administraci\u00f3n municipal encabezada por Francisco Mart\u00ednez Neri, el 70.2 por ciento de las y los ciudadanos de la capital la consideraban insegura. Ahora son el 75.8 por ciento.<\/p>\n\n\n\n<p>Con casi 76 de cada 100 ciudadanos que se sienten inseguros en la ciudad de Oaxaca, esta percepci\u00f3n supera a la nacional: 63.8 por ciento. Adem\u00e1s de que ubica a la capital oaxaque\u00f1a como la n\u00famero 27 con mayor percepci\u00f3n de inseguridad, entre las 91 ciudades o \u00e1reas urbanas de inter\u00e9s que analiza la ENSU.<\/p>\n\n\n\n<p>Al analizar los lugares en los que las y los ciudadanos de la capital se sienten m\u00e1s inseguros destacan en el primer lugar los cajeros autom\u00e1ticos en la v\u00eda p\u00fablica (con 80 de cada 100 ciudadanos que se sienten inseguros en ellos), seguidos de la calle (75.4 por ciento), mercado (74.8 por ciento), transporte p\u00fablico (72.9 por ciento), carretera (71.3 por ciento) y banco (63.8 por ciento).<\/p>\n","protected":false},"excerpt":{"rendered":"<p>Redacci\u00f3n\/Zona Roja. Lisbeth Mej\u00eda Reyes\/Zona Roja. Oaxaca, Oax., a 24 de enero de 2025.- Durante&hellip;<\/p>\n","protected":false},"author":2,"featured_media":76806,"comment_status":"closed","ping_status":"open","sticky":false,"template":"","format":"standard","meta":{"_lmt_disableupdate":"","_lmt_disable":"","_jetpack_memberships_contains_paid_content":false,"footnotes":""},"categories":[109,47],"tags":[1287],"class_list":["post-89410","post","type-post","status-publish","format-standard","has-post-thumbnail","hentry","category-minuto-a-minuto","category-zona-gris","tag-encuesta-nacional-de-seguridad-publica-urbana-inegi"],"jetpack_featured_media_url":"https:\/\/zonaroja.com.mx\/wp-content\/uploads\/2025\/01\/Inseguridad-asaltos-delincuente.jpg","jetpack_sharing_enabled":true,"_links":{"self":[{"href":"https:\/\/zonaroja.com.mx\/index.php?rest_route=\/wp\/v2\/posts\/89410","targetHints":{"allow":["GET"]}}],"collection":[{"href":"https:\/\/zonaroja.com.mx\/index.php?rest_route=\/wp\/v2\/posts"}],"about":[{"href":"https:\/\/zonaroja.com.mx\/index.php?rest_route=\/wp\/v2\/types\/post"}],"author":[{"embeddable":true,"href":"https:\/\/zonaroja.com.mx\/index.php?rest_route=\/wp\/v2\/users\/2"}],"replies":[{"embeddable":true,"href":"https:\/\/zonaroja.com.mx\/index.php?rest_route=%2Fwp%2Fv2%2Fcomments&post=89410"}],"version-history":[{"count":1,"href":"https:\/\/zonaroja.com.mx\/index.php?rest_route=\/wp\/v2\/posts\/89410\/revisions"}],"predecessor-version":[{"id":89411,"href":"https:\/\/zonaroja.com.mx\/index.php?rest_route=\/wp\/v2\/posts\/89410\/revisions\/89411"}],"wp:featuredmedia":[{"embeddable":true,"href":"https:\/\/zonaroja.com.mx\/index.php?rest_route=\/wp\/v2\/media\/76806"}],"wp:attachment":[{"href":"https:\/\/zonaroja.com.mx\/index.php?rest_route=%2Fwp%2Fv2%2Fmedia&parent=89410"}],"wp:term":[{"taxonomy":"category","embeddable":true,"href":"https:\/\/zonaroja.com.mx\/index.php?rest_route=%2Fwp%2Fv2%2Fcategories&post=89410"},{"taxonomy":"post_tag","embeddable":true,"href":"https:\/\/zonaroja.com.mx\/index.php?rest_route=%2Fwp%2Fv2%2Ftags&post=89410"}],"curies":[{"name":"wp","href":"https:\/\/api.w.org\/{rel}","templated":true}]}}