{"id":89412,"date":"2026-01-24T10:00:00","date_gmt":"2026-01-24T16:00:00","guid":{"rendered":"https:\/\/zonaroja.com.mx\/?p=89412"},"modified":"2026-01-24T07:07:47","modified_gmt":"2026-01-24T13:07:47","slug":"reconocen-diputados-a-san-ildefonso-villa-alta-por-sus-500-anos-de-historia","status":"publish","type":"post","link":"https:\/\/zonaroja.com.mx\/?p=89412","title":{"rendered":"Reconocen diputados a San Ildefonso Villa Alta por sus 500 a\u00f1os de historia"},"content":{"rendered":"\n<p>Redacci\u00f3n\/Zona Roja.<\/p>\n\n\n\n<p>Oaxaca, Oax., a 24 de enero de 2026.- La presidenta de la Junta de Coordinaci\u00f3n Pol\u00edtica (Jucopo) de la 66 Legislatura, diputada Tania Caballero Navarro, reconoci\u00f3 que el municipio de San Ildefonso Villa Alta es un pilar hist\u00f3rico, social y cultural fundamental para el estado de Oaxaca, al participar en la sesi\u00f3n solemne realizada con motivo del 500 aniversario de la fundaci\u00f3n de esta comunidad.<\/p>\n\n\n\n<p>Destac\u00f3 que a lo largo de cinco siglos, la memoria de este municipio se ha sostenido en la vida comunitaria, en las miles de personas que mantienen vivo el pulso de la comunidad y la persistencia de su identidad cultural como motivo de orgullo colectivo.<\/p>\n\n\n\n<p>Caballero Navarro se\u00f1al\u00f3 que los 500 a\u00f1os de historia de San Ildefonso Villa Alta no representan un pasado inm\u00f3vil, sino una memoria viva que se expresa en su organizaci\u00f3n comunitaria, en la preservaci\u00f3n de la lengua zapoteca y en sus sistemas normativos internos, los cuales reflejan una forma s\u00f3lida de organizaci\u00f3n social basada en el respeto, los usos y costumbres y la autodeterminaci\u00f3n de los pueblos.<\/p>\n\n\n\n<p>Asimismo, asever\u00f3 que el Poder Legislativo tiene la responsabilidad de escuchar, reconocer y acompa\u00f1ar la memoria de los pueblos, ya que la representaci\u00f3n popular solo cobra sentido cuando se construye desde abajo, desde la gente y desde el territorio.&nbsp;<\/p>\n\n\n\n<p>Por ello, afirm\u00f3 que esta sesi\u00f3n solemne constituye un reconocimiento a San Ildefonso Villa Alta como un sujeto vivo de la historia de Oaxaca y como parte esencial de su porvenir.<\/p>\n\n\n\n<p>Expres\u00f3 que San Ildefonso Villa Alta nos recuerda que Oaxaca se ha construido desde la organizaci\u00f3n comunitaria, desde la memoria compartida y desde un profundo compromiso con nuestra historia.&nbsp;<\/p>\n\n\n\n<p>\u201cPara el Congreso del Estado, estar hoy aqu\u00ed es un honor que va m\u00e1s all\u00e1 del encargo legislativo\u201d, subray\u00f3.<\/p>\n\n\n\n<p>SESI\u00d3N SOLEMNE<\/p>\n\n\n\n<p>En el marco de la conmemoraci\u00f3n del 500 aniversario de la fundaci\u00f3n del municipio de San Ildefonso Villa Alta, el Congreso del Estado de Oaxaca celebr\u00f3 una sesi\u00f3n solemne en esta municipalidad, con la presencia de los tres Poderes del Estado, en un acto de reconocimiento a su historia, identidad y organizaci\u00f3n comunitaria.<\/p>\n\n\n\n<p>Durante la sesi\u00f3n se dio lectura y aprobaci\u00f3n al Decreto 477 de la 66 Legislatura Constitucional, mediante el cual se autoriz\u00f3 el traslado de la sede del Poder Legislativo al municipio de San Ildefonso Villa Alta para la realizaci\u00f3n de esta Sesi\u00f3n Solemne.<\/p>\n\n\n\n<p>El acto protocolario fue encabezado por la presidenta de la Mesa Directiva, diputada Eva Diego Cruz, y la presidenta de la Junta de Coordinaci\u00f3n Pol\u00edtica (Jucopo), diputada Tania Caballero Navarro.<\/p>\n\n\n\n<p>Por parte del Poder Ejecutivo asisti\u00f3 el Gobernador del Estado, Salom\u00f3n Jara Cruz, acompa\u00f1ado de la presidenta honoraria del DIF Estatal, Irma Bola\u00f1os Quijano; por el Poder Judicial la magistrada presidenta del Tribunal Superior de Justicia de Oaxaca (TSJO), Erika Mar\u00eda Rodr\u00edguez Rodr\u00edguez; y en presencia del presidente municipal Pedro Estanislao P\u00e9rez.<\/p>\n\n\n\n<p>En su mensaje, Jara Cruz se\u00f1al\u00f3 que esta conmemoraci\u00f3n representa una celebraci\u00f3n profunda de la historia, la identidad y las ra\u00edces ancestrales que permanecen vivas en esta comunidad, cuyo coraz\u00f3n zapoteco es lengua, sabidur\u00eda y cultura transmitida de generaci\u00f3n en generaci\u00f3n desde la organizaci\u00f3n comunitaria.<\/p>\n\n\n\n<p>A su vez, la magistrada presidenta del TSJO subray\u00f3 que este municipio celebra 500 a\u00f1os de historia viva gracias a sus tradiciones e identidad comunitaria, pero tambi\u00e9n por su resistencia y memoria colectiva, consolid\u00e1ndose como una cuna de diversas culturas y un centro regional de gran relevancia para el estado de Oaxaca.<\/p>\n\n\n\n<p>Posterior al acto protocolario, las y los integrantes de la LXVI Legislatura, el titular del Poder Ejecutivo y la presidenta del Poder Judicial, as\u00ed como autoridades municipales y habitantes del municipio de San Ildefonso Villa Alta se trasladaron al palacio municipal para la develaci\u00f3n de la placa conmemorativa por el 500 aniversario de su fundaci\u00f3n, y la entrega de un reconocimiento al mun\u00edcipe Pedro Estanislao P\u00e9rez.<\/p>\n","protected":false},"excerpt":{"rendered":"<p>Redacci\u00f3n\/Zona Roja. Oaxaca, Oax., a 24 de enero de 2026.- La presidenta de la Junta&hellip;<\/p>\n","protected":false},"author":2,"featured_media":89414,"comment_status":"closed","ping_status":"open","sticky":false,"template":"","format":"standard","meta":{"_lmt_disableupdate":"","_lmt_disable":"","_jetpack_memberships_contains_paid_content":false,"footnotes":""},"categories":[109,46],"tags":[303,2629],"class_list":["post-89412","post","type-post","status-publish","format-standard","has-post-thumbnail","hentry","category-minuto-a-minuto","category-zona-blanca","tag-congreso-del-estado-de-oaxaca","tag-tania-caballero-navarro"],"jetpack_featured_media_url":"https:\/\/zonaroja.com.mx\/wp-content\/uploads\/2026\/01\/Tania-Caballero-sesion-Villa-Alta.jpeg","jetpack_sharing_enabled":true,"_links":{"self":[{"href":"https:\/\/zonaroja.com.mx\/index.php?rest_route=\/wp\/v2\/posts\/89412","targetHints":{"allow":["GET"]}}],"collection":[{"href":"https:\/\/zonaroja.com.mx\/index.php?rest_route=\/wp\/v2\/posts"}],"about":[{"href":"https:\/\/zonaroja.com.mx\/index.php?rest_route=\/wp\/v2\/types\/post"}],"author":[{"embeddable":true,"href":"https:\/\/zonaroja.com.mx\/index.php?rest_route=\/wp\/v2\/users\/2"}],"replies":[{"embeddable":true,"href":"https:\/\/zonaroja.com.mx\/index.php?rest_route=%2Fwp%2Fv2%2Fcomments&post=89412"}],"version-history":[{"count":1,"href":"https:\/\/zonaroja.com.mx\/index.php?rest_route=\/wp\/v2\/posts\/89412\/revisions"}],"predecessor-version":[{"id":89415,"href":"https:\/\/zonaroja.com.mx\/index.php?rest_route=\/wp\/v2\/posts\/89412\/revisions\/89415"}],"wp:featuredmedia":[{"embeddable":true,"href":"https:\/\/zonaroja.com.mx\/index.php?rest_route=\/wp\/v2\/media\/89414"}],"wp:attachment":[{"href":"https:\/\/zonaroja.com.mx\/index.php?rest_route=%2Fwp%2Fv2%2Fmedia&parent=89412"}],"wp:term":[{"taxonomy":"category","embeddable":true,"href":"https:\/\/zonaroja.com.mx\/index.php?rest_route=%2Fwp%2Fv2%2Fcategories&post=89412"},{"taxonomy":"post_tag","embeddable":true,"href":"https:\/\/zonaroja.com.mx\/index.php?rest_route=%2Fwp%2Fv2%2Ftags&post=89412"}],"curies":[{"name":"wp","href":"https:\/\/api.w.org\/{rel}","templated":true}]}}