{"id":89416,"date":"2026-01-24T11:07:00","date_gmt":"2026-01-24T17:07:00","guid":{"rendered":"https:\/\/zonaroja.com.mx\/?p=89416"},"modified":"2026-01-24T07:09:22","modified_gmt":"2026-01-24T13:09:22","slug":"detienen-en-la-cdmx-a-presunto-violador-de-acatlan-oaxaca","status":"publish","type":"post","link":"https:\/\/zonaroja.com.mx\/?p=89416","title":{"rendered":"Detienen en la Cdmx a presunto violador de Acatl\u00e1n, Oaxaca"},"content":{"rendered":"\n<p>Redacci\u00f3n\/Zona Roja.&nbsp;<\/p>\n\n\n\n<p>Oaxaca, Oax., a&nbsp;24 de enero de 2026.-&nbsp;El trabajo de colaboraci\u00f3n interinstitucional con la Fiscal\u00eda General de Justicia de la Ciudad de M\u00e9xico, permiti\u00f3 a la Fiscal\u00eda General de Oaxaca ejecutar una orden de aprehensi\u00f3n en contra de una persona del sexo masculino identificado como J.F.M.A., por el delito de violaci\u00f3n equiparada, cometido en agravi\u00f3 de una adolescente, en hechos ocurridos en la regi\u00f3n de la Cuenca del Papaloapan.<\/p>\n\n\n\n<p>La detenci\u00f3n se llev\u00f3 a cabo en inmediaciones de la colonia 10 de Mayo, alcald\u00eda Venustiano Carranza, como resultado de las labores de colaboraci\u00f3n interinstitucional, luego de que las investigaciones ministeriales de la Fiscal\u00eda de Oaxaca establecieran que el imputado hab\u00eda salido del estado de Oaxaca para evadir la acci\u00f3n de la justicia.<\/p>\n\n\n\n<p>El mandato judicial deriva de hechos ocurridos el 24 de enero de 2025, en el municipio de Acatl\u00e1n de P\u00e9rez Figueroa, donde la v\u00edctima (una menor de edad cuya identidad est\u00e1 protegida por ley) fue llevada a bordo de una motocicleta hasta un lugar despoblado, donde fue agredida sexualmente.<\/p>\n\n\n\n<p>Tras tener conocimiento del caso, la FGEO, a trav\u00e9s de la Vicefiscal\u00eda Regional de la Cuenca, inici\u00f3 las investigaciones correspondientes con perspectiva de g\u00e9nero, lo que permiti\u00f3 obtener una orden de aprehensi\u00f3n en contra de J.F.M.A.<\/p>\n\n\n\n<p>Una vez detenido, J.F.M.A., qued\u00f3 bajo custodia para iniciar los tr\u00e1mites administrativos de traslado a la ciudad de Oaxaca, donde ser\u00e1 puesto a disposici\u00f3n de la autoridad judicial competente para que se determine su situaci\u00f3n jur\u00eddica.<\/p>\n\n\n\n<p>PADRASTRO AGRESOR<\/p>\n\n\n\n<p>En otro caso, la Fiscal\u00eda General dio cumplimiento a una orden de aprehensi\u00f3n que permiti\u00f3 la detenci\u00f3n de una persona del sexo masculino, identificada como F.T.P., por el delito de Violaci\u00f3n Agravada, en perjuicio de una menor de edad (hijastra), ocurrida en la regi\u00f3n del Istmo.<\/p>\n\n\n\n<p>De acuerdo con el expediente penal del caso, los hechos ocurrieron en el mes de enero de 2025, en un domicilio particular ubicado en el municipio de Santa Mar\u00eda Petapa.<\/p>\n\n\n\n<p>La investigaci\u00f3n detalla que en ese lugar, el agresor, aprovechando el v\u00ednculo familiar con la v\u00edctima y mediante amenazas, habr\u00eda perpetrado la agresi\u00f3n sexual contra la menor de edad, una ni\u00f1a, cuya identidad est\u00e1 reservada por ley.<\/p>\n\n\n\n<p>Cuando la FGEO tom\u00f3 conocimiento del hecho derivado de la denuncia interpuesta, inici\u00f3 las investigaciones a trav\u00e9s de la Vicefiscal\u00eda Regional del Istmo bajo protocolos de perspectiva de infancia, reuniendo las pruebas necesarias que permitieron obtener una orden de aprehensi\u00f3n en contra de F.T.P.<\/p>\n\n\n\n<p>Una vez localizado, F.T.P. fue detenido por elementos de la Agencia Estatal de Investigaciones (AEI), en el municipio de Mat\u00edas Romero Avenda\u00f1o, posteriormente, fue puesto a disposici\u00f3n del Ministerio P\u00fablico de la Vicefiscal\u00eda Regional del Istmo, para que se determine su situaci\u00f3n jur\u00eddica y sea presentado ante el Juez que lo requiri\u00f3.<\/p>\n","protected":false},"excerpt":{"rendered":"<p>Redacci\u00f3n\/Zona Roja.&nbsp; Oaxaca, Oax., a&nbsp;24 de enero de 2026.-&nbsp;El trabajo de colaboraci\u00f3n interinstitucional con la&hellip;<\/p>\n","protected":false},"author":2,"featured_media":89417,"comment_status":"closed","ping_status":"open","sticky":false,"template":"","format":"standard","meta":{"_lmt_disableupdate":"","_lmt_disable":"","_jetpack_memberships_contains_paid_content":false,"footnotes":""},"categories":[109,46],"tags":[494],"class_list":["post-89416","post","type-post","status-publish","format-standard","has-post-thumbnail","hentry","category-minuto-a-minuto","category-zona-blanca","tag-fiscalia-general-del-estado-de-oaxaca"],"jetpack_featured_media_url":"https:\/\/zonaroja.com.mx\/wp-content\/uploads\/2026\/01\/Agresor-sexual-de-Acatlan-detenido-en-Cdmx.jpg","jetpack_sharing_enabled":true,"_links":{"self":[{"href":"https:\/\/zonaroja.com.mx\/index.php?rest_route=\/wp\/v2\/posts\/89416","targetHints":{"allow":["GET"]}}],"collection":[{"href":"https:\/\/zonaroja.com.mx\/index.php?rest_route=\/wp\/v2\/posts"}],"about":[{"href":"https:\/\/zonaroja.com.mx\/index.php?rest_route=\/wp\/v2\/types\/post"}],"author":[{"embeddable":true,"href":"https:\/\/zonaroja.com.mx\/index.php?rest_route=\/wp\/v2\/users\/2"}],"replies":[{"embeddable":true,"href":"https:\/\/zonaroja.com.mx\/index.php?rest_route=%2Fwp%2Fv2%2Fcomments&post=89416"}],"version-history":[{"count":1,"href":"https:\/\/zonaroja.com.mx\/index.php?rest_route=\/wp\/v2\/posts\/89416\/revisions"}],"predecessor-version":[{"id":89418,"href":"https:\/\/zonaroja.com.mx\/index.php?rest_route=\/wp\/v2\/posts\/89416\/revisions\/89418"}],"wp:featuredmedia":[{"embeddable":true,"href":"https:\/\/zonaroja.com.mx\/index.php?rest_route=\/wp\/v2\/media\/89417"}],"wp:attachment":[{"href":"https:\/\/zonaroja.com.mx\/index.php?rest_route=%2Fwp%2Fv2%2Fmedia&parent=89416"}],"wp:term":[{"taxonomy":"category","embeddable":true,"href":"https:\/\/zonaroja.com.mx\/index.php?rest_route=%2Fwp%2Fv2%2Fcategories&post=89416"},{"taxonomy":"post_tag","embeddable":true,"href":"https:\/\/zonaroja.com.mx\/index.php?rest_route=%2Fwp%2Fv2%2Ftags&post=89416"}],"curies":[{"name":"wp","href":"https:\/\/api.w.org\/{rel}","templated":true}]}}