{"id":89419,"date":"2026-01-24T12:00:00","date_gmt":"2026-01-24T18:00:00","guid":{"rendered":"https:\/\/zonaroja.com.mx\/?p=89419"},"modified":"2026-01-24T07:25:16","modified_gmt":"2026-01-24T13:25:16","slug":"el-dif-municipal-de-oaxaca-de-juarez-promueve-derechos-de-ninez-en-escuelas","status":"publish","type":"post","link":"https:\/\/zonaroja.com.mx\/?p=89419","title":{"rendered":"El DIF Municipal de Oaxaca de Ju\u00e1rez promueve derechos de ni\u00f1ez en escuelas"},"content":{"rendered":"\n<p>Redacci\u00f3n\/Zona Roja.<\/p>\n\n\n\n<p>Oaxaca, Oax., a 24 de enero de 2026.- Con el prop\u00f3sito de fortalecer la protecci\u00f3n de los derechos de la ni\u00f1ez y fomentar entornos seguros, el DIF Municipal de Oaxaca de Ju\u00e1rez, a trav\u00e9s de su Procuradur\u00eda, lleva a cabo pl\u00e1ticas y actividades informativas en escuelas del municipio, dirigidas a ni\u00f1as y ni\u00f1os de distintas edades.<\/p>\n\n\n\n<p>Estas acciones buscan empoderar a las y los estudiantes mediante el conocimiento de sus derechos, brind\u00e1ndoles herramientas que les permitan identificar situaciones de riesgo, defenderse y exigir un trato digno, seguro y respetuoso en su entorno escolar, familiar y social.<\/p>\n\n\n\n<p>Entre los temas abordados se encuentra el uso responsable de la tecnolog\u00eda y el impacto del uso excesivo de aparatos electr\u00f3nicos, donde se explica a las y los menores que, si bien la tecnolog\u00eda es una herramienta \u00fatil, es importante establecer l\u00edmites que favorezcan su desarrollo integral, la convivencia familiar y la interacci\u00f3n con sus amistades.<\/p>\n\n\n\n<p>El DIF Municipal contin\u00faa llevando estas pl\u00e1ticas a diversas escuelas ubicadas en las agencias municipales de Oaxaca de Ju\u00e1rez, adaptando los contenidos a las necesidades espec\u00edficas de cada instituci\u00f3n educativa.<\/p>\n\n\n\n<p>Las escuelas interesadas en recibir estas actividades pueden solicitar la informaci\u00f3n directamente a trav\u00e9s de las redes sociales oficiales del DIF Municipal de Oaxaca de Ju\u00e1rez, refrendando as\u00ed el compromiso del Gobierno Municipal con el bienestar, la seguridad y el desarrollo pleno de la ni\u00f1ez de la capital.<\/p>\n\n\n\n<p>CERTAMEN PARA MUJERES<\/p>\n\n\n\n<p>Por otra parte, con el objetivo de reconocer, visibilizar e impulsar el liderazgo de las mujeres en el \u00e1mbito cient\u00edfico, el Municipio de Oaxaca de Ju\u00e1rez lanz\u00f3 la convocatoria del certamen \u201cMujeres Creadoras de Ciencia\u201d, una iniciativa que busca destacar las trayectorias y aportaciones de mujeres que han contribuido de manera relevante al desarrollo cient\u00edfico, tecnol\u00f3gico y social del estado.<\/p>\n\n\n\n<p>La convocatoria es impulsada a trav\u00e9s de la Secretar\u00eda de Cultura, Educaci\u00f3n y Fomento a la Lectura, en coordinaci\u00f3n con el Consejo de Educaci\u00f3n, Ciencia y Tecnolog\u00eda del Municipio de Oaxaca de Ju\u00e1rez, y est\u00e1 dirigida a mujeres mexicanas con trayectoria cient\u00edfica comprobable, prioritariamente originarias o con impacto directo en el municipio.<\/p>\n\n\n\n<p>Este certamen reconocer\u00e1 a cinco mujeres cient\u00edficas cuyos trabajos hayan generado conocimiento, innovaci\u00f3n, formaci\u00f3n de nuevas generaciones, divulgaci\u00f3n cient\u00edfica o beneficios sociales y comunitarios, fortaleciendo con ello la cultura cient\u00edfica y la perspectiva de g\u00e9nero en el municipio.<\/p>\n\n\n\n<p>Entre los criterios de evaluaci\u00f3n se consideran la trayectoria acad\u00e9mica y cient\u00edfica, los aportes al desarrollo del conocimiento, el impacto en Oaxaca de Ju\u00e1rez, el impacto social y comunitario, as\u00ed como el liderazgo y la promoci\u00f3n de la participaci\u00f3n de las mujeres en la ciencia.<\/p>\n\n\n\n<p>Las postulaciones podr\u00e1n realizarse de manera individual o a trav\u00e9s de instituciones acad\u00e9micas, cient\u00edficas u organizaciones sociales, y deber\u00e1n enviarse en formato digital conforme a lo establecido en la convocatoria oficial. El periodo de difusi\u00f3n y recepci\u00f3n de postulaciones estar\u00e1 vigente del 15 de enero al 5 de febrero de 2026, mientras que la ceremonia de premiaci\u00f3n se llevar\u00e1 a cabo el 26 de febrero de 2026, en el municipio de Oaxaca de Ju\u00e1rez.<\/p>\n\n\n\n<p>Con este certamen, el Gobierno Municipal refrenda su compromiso con la equidad de g\u00e9nero, la ciencia, la innovaci\u00f3n y el reconocimiento del talento femenino como motor del desarrollo social y cultural de la capital.<\/p>\n","protected":false},"excerpt":{"rendered":"<p>Redacci\u00f3n\/Zona Roja. Oaxaca, Oax., a 24 de enero de 2026.- Con el prop\u00f3sito de fortalecer&hellip;<\/p>\n","protected":false},"author":2,"featured_media":89421,"comment_status":"closed","ping_status":"open","sticky":false,"template":"","format":"standard","meta":{"_lmt_disableupdate":"","_lmt_disable":"","_jetpack_memberships_contains_paid_content":false,"footnotes":""},"categories":[109,46],"tags":[148],"class_list":["post-89419","post","type-post","status-publish","format-standard","has-post-thumbnail","hentry","category-minuto-a-minuto","category-zona-blanca","tag-oaxaca-de-juarez"],"jetpack_featured_media_url":"https:\/\/zonaroja.com.mx\/wp-content\/uploads\/2026\/01\/dif-Municipal-capacitacion-escuelas.jpg","jetpack_sharing_enabled":true,"_links":{"self":[{"href":"https:\/\/zonaroja.com.mx\/index.php?rest_route=\/wp\/v2\/posts\/89419","targetHints":{"allow":["GET"]}}],"collection":[{"href":"https:\/\/zonaroja.com.mx\/index.php?rest_route=\/wp\/v2\/posts"}],"about":[{"href":"https:\/\/zonaroja.com.mx\/index.php?rest_route=\/wp\/v2\/types\/post"}],"author":[{"embeddable":true,"href":"https:\/\/zonaroja.com.mx\/index.php?rest_route=\/wp\/v2\/users\/2"}],"replies":[{"embeddable":true,"href":"https:\/\/zonaroja.com.mx\/index.php?rest_route=%2Fwp%2Fv2%2Fcomments&post=89419"}],"version-history":[{"count":1,"href":"https:\/\/zonaroja.com.mx\/index.php?rest_route=\/wp\/v2\/posts\/89419\/revisions"}],"predecessor-version":[{"id":89422,"href":"https:\/\/zonaroja.com.mx\/index.php?rest_route=\/wp\/v2\/posts\/89419\/revisions\/89422"}],"wp:featuredmedia":[{"embeddable":true,"href":"https:\/\/zonaroja.com.mx\/index.php?rest_route=\/wp\/v2\/media\/89421"}],"wp:attachment":[{"href":"https:\/\/zonaroja.com.mx\/index.php?rest_route=%2Fwp%2Fv2%2Fmedia&parent=89419"}],"wp:term":[{"taxonomy":"category","embeddable":true,"href":"https:\/\/zonaroja.com.mx\/index.php?rest_route=%2Fwp%2Fv2%2Fcategories&post=89419"},{"taxonomy":"post_tag","embeddable":true,"href":"https:\/\/zonaroja.com.mx\/index.php?rest_route=%2Fwp%2Fv2%2Ftags&post=89419"}],"curies":[{"name":"wp","href":"https:\/\/api.w.org\/{rel}","templated":true}]}}