{"id":89433,"date":"2026-01-24T19:25:35","date_gmt":"2026-01-25T01:25:35","guid":{"rendered":"https:\/\/zonaroja.com.mx\/?p=89433"},"modified":"2026-01-24T19:25:37","modified_gmt":"2026-01-25T01:25:37","slug":"critica-seccion-22-revocacion-de-mandato-pero-no-habra-boicot","status":"publish","type":"post","link":"https:\/\/zonaroja.com.mx\/?p=89433","title":{"rendered":"Critica Secci\u00f3n 22 Revocaci\u00f3n de Mandato, pero no habr\u00e1 boicot"},"content":{"rendered":"\n<p>Ismael Garc\u00eda M.\/Zona Roja.<\/p>\n\n\n\n<p>Oaxaca, Oax., a 24 de enero de 2026.- A unas horas de la consulta de Revocaci\u00f3n de Mandato en Oaxaca, la Secci\u00f3n 22 del SNTE calific\u00f3 la jornada como antidemocr\u00e1tica y una simulaci\u00f3n; sin embargo, como gremial no efectuar\u00e1 ni boicot ni ninguna otra actividad de protesta para ma\u00f1ana; a sus agremiados, dej\u00f3 en libertad de tomar la determinaci\u00f3n que consideren.<\/p>\n\n\n\n<p>Al cancelarse la Asamblea Estatal de hoy, por falta de qu\u00f3rum, la dirigencia estatal encabezada por Yenny Aracely P\u00e9rez Mart\u00ednez fij\u00f3 en conferencia de prensa un posicionamiento respecto al proceso de este 25 de enero, en que los oaxaque\u00f1os deber\u00e1n decidir si el mandatario Salom\u00f3n Jara Cruz contin\u00faa en el cargo hasta finalizar su sexenio o se le revoca por p\u00e9rdida de confianza.<\/p>\n\n\n\n<p>La calific\u00f3 \u201ccomo una simulaci\u00f3n democr\u00e1tica sin legitimidad popular\u2026 expone las razones por las cuales este ejercicio no responde a las demandas del pueblo trabajador, as\u00ed como las irregularidades, el uso faccioso de recursos p\u00fablicos, la coacci\u00f3n del voto mediante programas sociales y el incumplimiento sistem\u00e1tico del gobierno estatal en materia de educaci\u00f3n, salud, seguridad y derechos sociales\u201d.<\/p>\n\n\n\n<p>Asimismo, denunci\u00f3 que continuan \u201clas pr\u00e1cticas de corrupci\u00f3n, nepotismo, represi\u00f3n y despojo territorial, as\u00ed como la imposici\u00f3n de un modelo econ\u00f3mico y educativo que profundiza la desigualdad y mantiene intactas las estructuras que hist\u00f3ricamente han lastimado a los pueblos de Oaxaca\u201d.<\/p>\n\n\n\n<p>Reafirm\u00f3 su car\u00e1cter apartidista, cr\u00edtico y combativo e hizo un llamado al pueblo de Oaxaca a fortalecer la organizaci\u00f3n popular y la lucha colectiva, \u201cm\u00e1s all\u00e1 de ejercicios electorales simulados que solo buscan legitimar al gobierno en turno quien no merece continuar en el poder\u201d.<\/p>\n\n\n\n<p>A pregunta expresa respecto a la postura de la Secci\u00f3n 22 del Sindicato Nacional de Trabajadores de la Educaci\u00f3n, la secretaria General Yenny Aracely P\u00e9rez Mart\u00ednez respondi\u00f3:<\/p>\n\n\n\n<p>\u201cMe parece que es muy clara la participaci\u00f3n, el posicionamiento desde nuestro Principio Rector n\u00famero 7: participar en este proceso como movimiento, lo remarco como movimiento, es legitimar el proceso de Revocaci\u00f3n.<\/p>\n\n\n\n<p>\u201cSin embargo tambi\u00e9n, cada compa\u00f1ero o compa\u00f1era, desde su propio an\u00e1lisis, con base al contexto que tenemos en nuestro estado, sabr\u00e1 tomar la decisi\u00f3n\u201d.<\/p>\n\n\n\n<p>En otro tema, la gremial remarc\u00f3 asimismo que se prepara una nueva jornada de lucha, con un paro de labores de 72 horas, en fecha por definir, as\u00ed como un paro de labores indefinido.<\/p>\n\n\n\n<figure class=\"wp-block-embed is-type-rich is-provider-twitter wp-block-embed-twitter\"><div class=\"wp-block-embed__wrapper\">\n<div class=\"twitter-tweet\"><blockquote class=\"twitter-tweet\" data-lang=\"es\"><p lang=\"es\" dir=\"ltr\"><a href=\"https:\/\/twitter.com\/hashtag\/AlMomento?src=hash&amp;ref_src=twsrc%5Etfw\">#AlMomento<\/a> <br>Al fracasar la realizaci\u00f3n de la Asamblea Estatal este s\u00e1bado, por falta de qu\u00f3rum, el comit\u00e9 ejecutivo de la Secci\u00f3n 22 del SNTE encabezado por Yenny Aracely P\u00e9rez Mart\u00ednez, dio una conferencia de prensa en que fij\u00f3 su posicionamiento respecto a la jornada de\u2026 <a href=\"https:\/\/t.co\/72xcU4VmVc\">pic.twitter.com\/72xcU4VmVc<\/a><\/p>&mdash; Zona Roja Oaxaca (@ZonaRoja_Oaxaca) <a href=\"https:\/\/twitter.com\/ZonaRoja_Oaxaca\/status\/2015220695853396366?ref_src=twsrc%5Etfw\">25 de enero de 2026<\/a><\/blockquote><\/div>\n<\/div><\/figure>\n","protected":false},"excerpt":{"rendered":"<p>Ismael Garc\u00eda M.\/Zona Roja. Oaxaca, Oax., a 24 de enero de 2026.- A unas horas&hellip;<\/p>\n","protected":false},"author":2,"featured_media":89434,"comment_status":"closed","ping_status":"open","sticky":false,"template":"","format":"standard","meta":{"_lmt_disableupdate":"","_lmt_disable":"","_jetpack_memberships_contains_paid_content":false,"footnotes":""},"categories":[109,46],"tags":[312],"class_list":["post-89433","post","type-post","status-publish","format-standard","has-post-thumbnail","hentry","category-minuto-a-minuto","category-zona-blanca","tag-seccion-22-del-snte"],"jetpack_featured_media_url":"https:\/\/zonaroja.com.mx\/wp-content\/uploads\/2026\/01\/Conferencia-de-prensa-Seccion-22.jpg","jetpack_sharing_enabled":true,"_links":{"self":[{"href":"https:\/\/zonaroja.com.mx\/index.php?rest_route=\/wp\/v2\/posts\/89433","targetHints":{"allow":["GET"]}}],"collection":[{"href":"https:\/\/zonaroja.com.mx\/index.php?rest_route=\/wp\/v2\/posts"}],"about":[{"href":"https:\/\/zonaroja.com.mx\/index.php?rest_route=\/wp\/v2\/types\/post"}],"author":[{"embeddable":true,"href":"https:\/\/zonaroja.com.mx\/index.php?rest_route=\/wp\/v2\/users\/2"}],"replies":[{"embeddable":true,"href":"https:\/\/zonaroja.com.mx\/index.php?rest_route=%2Fwp%2Fv2%2Fcomments&post=89433"}],"version-history":[{"count":1,"href":"https:\/\/zonaroja.com.mx\/index.php?rest_route=\/wp\/v2\/posts\/89433\/revisions"}],"predecessor-version":[{"id":89435,"href":"https:\/\/zonaroja.com.mx\/index.php?rest_route=\/wp\/v2\/posts\/89433\/revisions\/89435"}],"wp:featuredmedia":[{"embeddable":true,"href":"https:\/\/zonaroja.com.mx\/index.php?rest_route=\/wp\/v2\/media\/89434"}],"wp:attachment":[{"href":"https:\/\/zonaroja.com.mx\/index.php?rest_route=%2Fwp%2Fv2%2Fmedia&parent=89433"}],"wp:term":[{"taxonomy":"category","embeddable":true,"href":"https:\/\/zonaroja.com.mx\/index.php?rest_route=%2Fwp%2Fv2%2Fcategories&post=89433"},{"taxonomy":"post_tag","embeddable":true,"href":"https:\/\/zonaroja.com.mx\/index.php?rest_route=%2Fwp%2Fv2%2Ftags&post=89433"}],"curies":[{"name":"wp","href":"https:\/\/api.w.org\/{rel}","templated":true}]}}