{"id":89436,"date":"2026-01-25T07:45:00","date_gmt":"2026-01-25T13:45:00","guid":{"rendered":"https:\/\/zonaroja.com.mx\/?p=89436"},"modified":"2026-01-25T06:22:06","modified_gmt":"2026-01-25T12:22:06","slug":"hoy-todos-a-la-consulta-de-revocacion-de-mandato-no-participan-migrantes","status":"publish","type":"post","link":"https:\/\/zonaroja.com.mx\/?p=89436","title":{"rendered":"Hoy, todos a la consulta de Revocaci\u00f3n de Mandato; no participan migrantes"},"content":{"rendered":"\n<p>Lisbeth Mej\u00eda Reyes\/Zona Roja.&nbsp;<\/p>\n\n\n\n<p>Oaxaca, Oax., a 25 de enero de 2026.- El Tribunal Electoral del Estado de Oaxaca (TEEO) descart\u00f3 que el Instituto Estatal Electoral y de Participaci\u00f3n Ciudadana de Oaxaca (IEEPCO) haya omitido establecer mecanismos para la participaci\u00f3n de la ciudadan\u00eda oaxaque\u00f1a residente en el extranjero en la consulta de Revocaci\u00f3n de Mandato, a realizarse este domingo 25 de enero.<\/p>\n\n\n\n<p>Durante su sesi\u00f3n de este viernes, el TEEO resolvi\u00f3 el medio de impugnaci\u00f3n JDC\/16\/2026, de la ciudadan\u00eda oaxaque\u00f1a residente en el extranjero, por la presunta omisi\u00f3n del consejo electoral del IEEPCO para garantizar su participaci\u00f3n.&nbsp;<\/p>\n\n\n\n<p>De acuerdo con el Tribunal, los agravios son infundados, ya que el \u00abIEEPCO realiz\u00f3 diversas actuaciones encaminadas a analizar la viabilidad jur\u00eddica, t\u00e9cnica y operativa de instrumentar el voto de la ciudadan\u00eda oaxaque\u00f1a residente en el extranjero, por lo que no incurri\u00f3 en la omisi\u00f3n se\u00f1alada\u00bb.<\/p>\n\n\n\n<p>Sin embargo, vincul\u00f3 al consejo general del IEEPCO para que en un pr\u00f3ximo procedimiento de Revocaci\u00f3n de Mandato, y con la debida anticipaci\u00f3n, haga las gestiones necesarias ante el Instituto Nacional Electoral (INE) para analizar y, en su caso, implementar mecanismos para la participaci\u00f3n ciudadana oaxaque\u00f1a residente en el extranjero.<\/p>\n\n\n\n<p>HOY A LAS URNAS<\/p>\n\n\n\n<p>Este domingo, Oaxaca ser\u00e1 el primer estado del pa\u00eds en realizar la consulta de Revocaci\u00f3n de Mandato para decidir si el gobernador, Salom\u00f3n Jara Cruz, concluye de manera anticipada su mandato por p\u00e9rdida de confianza o si contin\u00faa en la gubernatura hasta concluir su periodo (2022-2028).<\/p>\n\n\n\n<p>Durante la jornada, a realizarse de las 08:00 a 18:00 horas habr\u00e1 dos mil 821 distribuidas en todo el estado.<\/p>\n\n\n\n<p>Se entregar\u00e1 una boleta a la ciudadan\u00eda en la que aparece la pregunta: \u00bfEst\u00e1s de acuerdo en que, a Salom\u00f3n Jara Cruz, Gobernador Constitucional del Estado, se le revoque el mandato por p\u00e9rdida de confianza o que siga en la Gubernatura hasta que termine su periodo?&nbsp;<\/p>\n\n\n\n<p>La ciudadan\u00eda emitir\u00e1 su voto de manera libre y secreta en las mesas directivas de casillas instaladas marcando en la papeleta el cuadro correspondiente a una de las opciones siguientes:&nbsp;<\/p>\n\n\n\n<p>\u25fb1. Que se revoque el mandato por p\u00e9rdida de la confianza. &nbsp;<\/p>\n\n\n\n<p>\u25fb2. Que siga en la Gubernatura.<\/p>\n\n\n\n<p>Para poder participar y emitir el voto son requisitos:<\/p>\n\n\n\n<p>I. Tener la ciudadan\u00eda oaxaque\u00f1a en t\u00e9rminos del art\u00edculo 23 de la Constituci\u00f3n;&nbsp;<\/p>\n\n\n\n<p>II. Estar inscrita o inscrito en la lista nominal electoral;&nbsp;<\/p>\n\n\n\n<p>III. Contar con credencial para votar vigente expedida por el Registro Federal de electores; y,&nbsp;<\/p>\n\n\n\n<p>IV. No contar con sentencia ejecutoriada que suspenda sus derechos pol\u00edticos.<\/p>\n\n\n\n<p>De acuerdo con la convocatoria, la Revocaci\u00f3n de Mandato proceder\u00e1 por mayor\u00eda absoluta, siempre y cuando en la consulta haya participado en la consulta al menos el 40 por ciento de la lista nominal de electores del estado. Seg\u00fan Instituto Nacional Electoral (INE), con corte al pasado 31 de diciembre de 2025, la lista la integran tres millones 132 mil 592 personas.&nbsp;<\/p>\n\n\n\n<p>Esto quiere decir que se necesita la participaci\u00f3n de al menos un mill\u00f3n 253 mil 37 electores en la jornada de este domingo.<\/p>\n\n\n\n<p>Antes de la consulta, bajo la responsabilidad del IEEPCO, se han desarrollado diversas etapas: la aprobaci\u00f3n de los formatos y lineamientos, la solicitud de registro de promoventes, la recopilaci\u00f3n de firmas para la solicitud de Revocaci\u00f3n de Mandato, la presentaci\u00f3n de la solicitud de Revocaci\u00f3n de Mandato y la emisi\u00f3n de la convocatoria para la consulta.<\/p>\n","protected":false},"excerpt":{"rendered":"<p>Lisbeth Mej\u00eda Reyes\/Zona Roja.&nbsp; Oaxaca, Oax., a 25 de enero de 2026.- El Tribunal Electoral&hellip;<\/p>\n","protected":false},"author":2,"featured_media":86527,"comment_status":"closed","ping_status":"open","sticky":false,"template":"","format":"standard","meta":{"_lmt_disableupdate":"","_lmt_disable":"","_jetpack_memberships_contains_paid_content":false,"footnotes":""},"categories":[109,46],"tags":[4512,939],"class_list":["post-89436","post","type-post","status-publish","format-standard","has-post-thumbnail","hentry","category-minuto-a-minuto","category-zona-blanca","tag-revocacion-de-mandato-oaxaca","tag-salomon-jara-cruz"],"jetpack_featured_media_url":"https:\/\/zonaroja.com.mx\/wp-content\/uploads\/2025\/11\/Revocacion-de-mandato.jpg","jetpack_sharing_enabled":true,"_links":{"self":[{"href":"https:\/\/zonaroja.com.mx\/index.php?rest_route=\/wp\/v2\/posts\/89436","targetHints":{"allow":["GET"]}}],"collection":[{"href":"https:\/\/zonaroja.com.mx\/index.php?rest_route=\/wp\/v2\/posts"}],"about":[{"href":"https:\/\/zonaroja.com.mx\/index.php?rest_route=\/wp\/v2\/types\/post"}],"author":[{"embeddable":true,"href":"https:\/\/zonaroja.com.mx\/index.php?rest_route=\/wp\/v2\/users\/2"}],"replies":[{"embeddable":true,"href":"https:\/\/zonaroja.com.mx\/index.php?rest_route=%2Fwp%2Fv2%2Fcomments&post=89436"}],"version-history":[{"count":1,"href":"https:\/\/zonaroja.com.mx\/index.php?rest_route=\/wp\/v2\/posts\/89436\/revisions"}],"predecessor-version":[{"id":89437,"href":"https:\/\/zonaroja.com.mx\/index.php?rest_route=\/wp\/v2\/posts\/89436\/revisions\/89437"}],"wp:featuredmedia":[{"embeddable":true,"href":"https:\/\/zonaroja.com.mx\/index.php?rest_route=\/wp\/v2\/media\/86527"}],"wp:attachment":[{"href":"https:\/\/zonaroja.com.mx\/index.php?rest_route=%2Fwp%2Fv2%2Fmedia&parent=89436"}],"wp:term":[{"taxonomy":"category","embeddable":true,"href":"https:\/\/zonaroja.com.mx\/index.php?rest_route=%2Fwp%2Fv2%2Fcategories&post=89436"},{"taxonomy":"post_tag","embeddable":true,"href":"https:\/\/zonaroja.com.mx\/index.php?rest_route=%2Fwp%2Fv2%2Ftags&post=89436"}],"curies":[{"name":"wp","href":"https:\/\/api.w.org\/{rel}","templated":true}]}}