{"id":89438,"date":"2026-01-25T08:45:00","date_gmt":"2026-01-25T14:45:00","guid":{"rendered":"https:\/\/zonaroja.com.mx\/?p=89438"},"modified":"2026-01-25T06:39:34","modified_gmt":"2026-01-25T12:39:34","slug":"estalla-la-ira-en-mineapolis-tras-segundo-asesinato-por-parte-del-ice","status":"publish","type":"post","link":"https:\/\/zonaroja.com.mx\/?p=89438","title":{"rendered":"Estalla la ira en Mine\u00e1polis tras segundo asesinato por parte del ICE"},"content":{"rendered":"\n<p>Redacci\u00f3n\/Zona Roja Cdmx.<\/p>\n\n\n\n<p>(Informaci\u00f3n de \u201cLa Jornada\u201d)<\/p>\n\n\n\n<p>Ciudad de M\u00e9xico, a 25 de enero de 2026.- Tras la muerte de un ciudadano estadunidense de 37 a\u00f1os por parte de agentes federales este s\u00e1bado en Mine\u00e1polis, una multitud de personas enfurecidas se reunieron en el lugar para protestar contra el tiroteo y la represi\u00f3n a los inmigrantes.<\/p>\n\n\n\n<p>Los residentes de esta ciudad se enfrentaron contra los agentes federales, grit\u00e1ndoles groser\u00edas, &nbsp;llam\u00e1ndolos \u00abcobardes\u00bb y dici\u00e9ndoles que se fueran a casa. Un agente respondi\u00f3 burlonamente mientras se alejaba, dici\u00e9ndoles: \u00ab\u00a1Buu!\u00bb.&nbsp;<\/p>\n\n\n\n<p>A una cuadra del lugar del tiroteo, una columna de humo negro se elevaba hacia el cielo desde donde los manifestantes hab\u00edan encendido una hoguera en un contenedor de basura met\u00e1lico. La intersecci\u00f3n donde ocurri\u00f3 el tiroteo ha sido bloqueada, y agentes de la Patrulla Fronteriza se encuentran en el lugar blandiendo porras, adem\u00e1s de que agentes federales lanzan gases lacrim\u00f3genas y granadas hacia los manifestantes.<\/p>\n\n\n\n<p>Miles de agentes tanto federal como del ICE han sido desplegados en esta ciudad gobernada por los dem\u00f3cratas, en el marco de la campa\u00f1a del presidente Donald Trump para deportar a inmigrantes indocumentados en todo el pa\u00eds.<\/p>\n\n\n\n<p>El tiroteo ocurri\u00f3 un d\u00eda despu\u00e9s de que miles de manifestantes&nbsp;que protestaban contra la represi\u00f3n a los inmigrantes colmaron las calles de la ciudad en un clima g\u00e9lido, pidiendo a las fuerzas del orden federales que se fueran.<\/p>\n\n\n\n<p>Es el tercer tiroteo que involucra a agentes federales en Mine\u00e1polis este mes, despu\u00e9s de que un agente del Servicio de Inmigraci\u00f3n y Control de Aduanas (ICE) matara a tiros a Renee Good, de 37 a\u00f1os, a principios de enero, y otro agente de ICE disparara a un migrante venezolano en la pierna.<\/p>\n\n\n\n<p>El manifestante de Mine\u00e1polis asesinado ayer a tiros por un oficial federal, era un enfermero de cuidados intensivos de nombre Alex Jeffrey Pretti, de 37 a\u00f1os.<\/p>\n\n\n\n<p>Los padres de la v\u00edctima aseguraron que era un \u00e1vido amante de la naturaleza que disfrutaba de las aventuras con Joule, su querido perro leopardo Catahoula, quien tambi\u00e9n falleci\u00f3 recientemente. <\/p>\n\n\n\n<p>Particip\u00f3 en las protestas tras el asesinato de Renee Good a manos de un agente del Servicio de Inmigraci\u00f3n y Control de Aduanas de Estados Unidos a principios de este mes.<\/p>\n\n\n\n<p>\u201cESTABA ARMADO\u201d<\/p>\n\n\n\n<p>El Departamento de Seguridad Nacional de Estados Unidos inform\u00f3 este s\u00e1bado que el hombre muerto a tiros en Mine\u00e1polis estaba armado y \u00abse resisti\u00f3 violentamente\u00bb.<\/p>\n\n\n\n<p>Por medio de su cuenta en X (@DHSgov), se\u00f1al\u00f3 que mientras agentes del orden p\u00fablico realizaban un operativo en Mine\u00e1polis contra un migrante indocumentado \u201cbuscado por agresi\u00f3n violenta, un individuo se acerc\u00f3 a los agentes de la Patrulla Fronteriza con una pistola semiautom\u00e1tica de 9 mm\u201d.<\/p>\n\n\n\n<p>Dijo que los agentes intentaron desarmar al sospechoso, pero este \u201cse resisti\u00f3 violentamente\u201d.<\/p>\n\n\n\n<p>Destac\u00f3 que \u201ctemiendo por su vida y la de sus compa\u00f1eros, un agente dispar\u00f3. Los m\u00e9dicos presentes en el lugar le brindaron asistencia m\u00e9dica de inmediato, pero fue declarado muerto en el lugar\u201d.<\/p>\n\n\n\n<p>Indic\u00f3 que el hombre, sin identificaci\u00f3n, ten\u00eda dos cargadores. \u201cEsto parece indicar que un individuo quer\u00eda causar el m\u00e1ximo da\u00f1o y masacrar a las fuerzas del orden\u201d.<\/p>\n\n\n\n<p>Agreg\u00f3 que unos 200 manifestantes llegaron al lugar para obstruir y agredir a las fuerzas del orden, por lo que se \u201cimplementaron medidas de control de multitudes para la seguridad del p\u00fablico\u201d y de los agentes.<\/p>\n","protected":false},"excerpt":{"rendered":"<p>Redacci\u00f3n\/Zona Roja Cdmx. (Informaci\u00f3n de \u201cLa Jornada\u201d) Ciudad de M\u00e9xico, a 25 de enero de&hellip;<\/p>\n","protected":false},"author":2,"featured_media":89439,"comment_status":"closed","ping_status":"open","sticky":false,"template":"","format":"standard","meta":{"_lmt_disableupdate":"","_lmt_disable":"","_jetpack_memberships_contains_paid_content":false,"footnotes":""},"categories":[109,47],"tags":[4649],"class_list":["post-89438","post","type-post","status-publish","format-standard","has-post-thumbnail","hentry","category-minuto-a-minuto","category-zona-gris","tag-agentes-ice"],"jetpack_featured_media_url":"https:\/\/zonaroja.com.mx\/wp-content\/uploads\/2026\/01\/Asesinado-ICE-Minneapolis.jpg","jetpack_sharing_enabled":true,"_links":{"self":[{"href":"https:\/\/zonaroja.com.mx\/index.php?rest_route=\/wp\/v2\/posts\/89438","targetHints":{"allow":["GET"]}}],"collection":[{"href":"https:\/\/zonaroja.com.mx\/index.php?rest_route=\/wp\/v2\/posts"}],"about":[{"href":"https:\/\/zonaroja.com.mx\/index.php?rest_route=\/wp\/v2\/types\/post"}],"author":[{"embeddable":true,"href":"https:\/\/zonaroja.com.mx\/index.php?rest_route=\/wp\/v2\/users\/2"}],"replies":[{"embeddable":true,"href":"https:\/\/zonaroja.com.mx\/index.php?rest_route=%2Fwp%2Fv2%2Fcomments&post=89438"}],"version-history":[{"count":1,"href":"https:\/\/zonaroja.com.mx\/index.php?rest_route=\/wp\/v2\/posts\/89438\/revisions"}],"predecessor-version":[{"id":89440,"href":"https:\/\/zonaroja.com.mx\/index.php?rest_route=\/wp\/v2\/posts\/89438\/revisions\/89440"}],"wp:featuredmedia":[{"embeddable":true,"href":"https:\/\/zonaroja.com.mx\/index.php?rest_route=\/wp\/v2\/media\/89439"}],"wp:attachment":[{"href":"https:\/\/zonaroja.com.mx\/index.php?rest_route=%2Fwp%2Fv2%2Fmedia&parent=89438"}],"wp:term":[{"taxonomy":"category","embeddable":true,"href":"https:\/\/zonaroja.com.mx\/index.php?rest_route=%2Fwp%2Fv2%2Fcategories&post=89438"},{"taxonomy":"post_tag","embeddable":true,"href":"https:\/\/zonaroja.com.mx\/index.php?rest_route=%2Fwp%2Fv2%2Ftags&post=89438"}],"curies":[{"name":"wp","href":"https:\/\/api.w.org\/{rel}","templated":true}]}}