{"id":89441,"date":"2026-01-25T09:45:00","date_gmt":"2026-01-25T15:45:00","guid":{"rendered":"https:\/\/zonaroja.com.mx\/?p=89441"},"modified":"2026-01-25T06:41:11","modified_gmt":"2026-01-25T12:41:11","slug":"capturan-a-dos-personas-por-robo-de-vehiculo-cometido-en-el-valle-de-etla","status":"publish","type":"post","link":"https:\/\/zonaroja.com.mx\/?p=89441","title":{"rendered":"Capturan a dos personas por robo de veh\u00edculo cometido en el Valle de Etla"},"content":{"rendered":"\n<p>Redacci\u00f3n\/Zona Roja.&nbsp;<\/p>\n\n\n\n<p>Oaxaca, Oax., a 25 de enero de 2026.- La Fiscal\u00eda General del Estado de Oaxaca (FGEO), dio cumplimiento a una orden de aprehensi\u00f3n que permiti\u00f3 la detenci\u00f3n de dos personas identificadas como E. S. A. y V. Y. P. L. o A. N. P. L., por el delito de Robo Espec\u00edfico, cometido en el Valle de Etla.<\/p>\n\n\n\n<p>De acuerdo con el expediente penal del caso, los hechos ocurrieron el pasado 4 de enero de 2026, cuando la v\u00edctima, N. O. H., report\u00f3 el robo de su motocicleta la cual se encontraba estacionada en la calle Privada de Uni\u00f3n y Progreso, en la agencia de Matadamas, perteneciente al municipio de Soledad Etla.<\/p>\n\n\n\n<p>Tras las labores ministeriales y de investigaci\u00f3n de campo, elementos de la Agencia Estatal de Investigaciones (AEI) adscritos a la Vicefiscal\u00eda General de Control Regional, localizaron a los ahora detenidos sobre la Carretera Federal 190, jurisdicci\u00f3n de la zona de Etla, para proceder a su captura y posteriormente, ponerlas a disposici\u00f3n de la autoridad judicial correspondiente, quien se encargar\u00e1 de determinar su situaci\u00f3n jur\u00eddica.<\/p>\n\n\n\n<p>La Fiscal\u00eda General del Estado de Oaxaca reafirma su compromiso con la procuraci\u00f3n de justicia y el fortalecimiento de las investigaciones para llevar ante la ley a las o los responsables de la comisi\u00f3n de delitos.<\/p>\n","protected":false},"excerpt":{"rendered":"<p>Redacci\u00f3n\/Zona Roja.&nbsp; Oaxaca, Oax., a 25 de enero de 2026.- La Fiscal\u00eda General del Estado&hellip;<\/p>\n","protected":false},"author":2,"featured_media":89442,"comment_status":"closed","ping_status":"open","sticky":false,"template":"","format":"standard","meta":{"_lmt_disableupdate":"","_lmt_disable":"","_jetpack_memberships_contains_paid_content":false,"footnotes":""},"categories":[109,46],"tags":[494],"class_list":["post-89441","post","type-post","status-publish","format-standard","has-post-thumbnail","hentry","category-minuto-a-minuto","category-zona-blanca","tag-fiscalia-general-del-estado-de-oaxaca"],"jetpack_featured_media_url":"https:\/\/zonaroja.com.mx\/wp-content\/uploads\/2026\/01\/BOLETIN-2-133.-Fiscalia-de-Oaxaca-captura-a-dos-personas-por-robo-de-vehiculo-cometido-en-el-Valle-de-Etla.jpeg","jetpack_sharing_enabled":true,"_links":{"self":[{"href":"https:\/\/zonaroja.com.mx\/index.php?rest_route=\/wp\/v2\/posts\/89441","targetHints":{"allow":["GET"]}}],"collection":[{"href":"https:\/\/zonaroja.com.mx\/index.php?rest_route=\/wp\/v2\/posts"}],"about":[{"href":"https:\/\/zonaroja.com.mx\/index.php?rest_route=\/wp\/v2\/types\/post"}],"author":[{"embeddable":true,"href":"https:\/\/zonaroja.com.mx\/index.php?rest_route=\/wp\/v2\/users\/2"}],"replies":[{"embeddable":true,"href":"https:\/\/zonaroja.com.mx\/index.php?rest_route=%2Fwp%2Fv2%2Fcomments&post=89441"}],"version-history":[{"count":1,"href":"https:\/\/zonaroja.com.mx\/index.php?rest_route=\/wp\/v2\/posts\/89441\/revisions"}],"predecessor-version":[{"id":89443,"href":"https:\/\/zonaroja.com.mx\/index.php?rest_route=\/wp\/v2\/posts\/89441\/revisions\/89443"}],"wp:featuredmedia":[{"embeddable":true,"href":"https:\/\/zonaroja.com.mx\/index.php?rest_route=\/wp\/v2\/media\/89442"}],"wp:attachment":[{"href":"https:\/\/zonaroja.com.mx\/index.php?rest_route=%2Fwp%2Fv2%2Fmedia&parent=89441"}],"wp:term":[{"taxonomy":"category","embeddable":true,"href":"https:\/\/zonaroja.com.mx\/index.php?rest_route=%2Fwp%2Fv2%2Fcategories&post=89441"},{"taxonomy":"post_tag","embeddable":true,"href":"https:\/\/zonaroja.com.mx\/index.php?rest_route=%2Fwp%2Fv2%2Ftags&post=89441"}],"curies":[{"name":"wp","href":"https:\/\/api.w.org\/{rel}","templated":true}]}}